{"id":36253,"date":"2020-09-06T19:08:26","date_gmt":"2020-09-07T00:08:26","guid":{"rendered":"http:\/\/contraluzcucuta.co\/?p=36253"},"modified":"2020-09-06T19:08:26","modified_gmt":"2020-09-07T00:08:26","slug":"mano-a-mano-con-ronaldo-ariza-amor-por-el-futbol-desde-el-vientre-materno","status":"publish","type":"post","link":"https:\/\/contraluzcucuta.co\/?p=36253","title":{"rendered":"MANO A MANO CON RONALDO ARIZA. Amor por el f\u00fatbol desde el vientre materno\u201d"},"content":{"rendered":"<p style=\"padding-left: 40px; text-align: right;\"><span style=\"color: #ff9900;\"><strong>C\u00daCUTA.-<\/strong> A los 13 a\u00f1os sali\u00f3 de casa, vivi\u00f3 la adolescencia en medio de entrenamientos, competencias y sue\u00f1os. Un viaje sorpresivo a Europa lo ense\u00f1\u00f3 a madurar, a valorar cada esfuerzo diario. A pesar de la corta edad, represent\u00f3 al pa\u00eds y cumpli\u00f3 el anhelo que muchos futbolistas persiguen durante la carrera. Algunos lo logran, otros no. Lleg\u00f3 a C\u00facuta para seguir el crecimiento profesional.<\/span><\/p>\n<p><strong>\u00bfCiento por ciento bogotano? <\/strong><\/p>\n<ul>\n<li><em> Nac\u00ed el 17 de enero de 1998.<\/em><\/li>\n<\/ul>\n<p><strong>\u00bfQu\u00e9 juegos frecuentaba en la infancia?<\/strong><\/p>\n<ul>\n<li><em>Las \u2018piquis\u2019 o canicas y el yermis. Era con lo que me divert\u00eda. Parte de la infancia la viv\u00ed en Cartagena.<\/em><\/li>\n<\/ul>\n<p><strong>\u00bfSiente que ahora se disfruta menos la infancia?<\/strong><\/p>\n<ul>\n<li><em>Extra\u00f1o la \u00e9poca del colegio. Esa parte de mi vida cuando era peque\u00f1o y no ten\u00eda preocupaciones, solo sal\u00eda a la calle para jugar con mis amigos y llegaba sucio, cansado a la casa. Dar\u00eda todo por volver a vivir esa \u00e9poca. <\/em><\/li>\n<\/ul>\n<p><strong>\u00bfCu\u00e1ndo tuvo ese v\u00ednculo para siempre con la pelota? <\/strong><\/p>\n<ul>\n<li><em>Pienso que desde el vientre de mi madre siento ese v\u00ednculo. Mi familia es futbolera. Mi padre tiene un gusto inmenso por la pelota. El nombre Ronaldo me lo puso en honor a su jugador favorito, Ronaldo Lu\u00eds Naz\u00e1rio de Lima. Desde chiquito me gust\u00f3 el f\u00fatbol. Dir\u00eda que desde mis primeros pasos amo ese deporte. <\/em><\/li>\n<\/ul>\n<p><strong>\u00bfDe qu\u00e9 manera llegan los\u00a0primeros guayos? <\/strong><\/p>\n<ul>\n<li><em>Fueron unos Maracan\u00e1, eran de esos que uno les echaba <\/em><em>bet\u00fan y los pon\u00eda a brillar<\/em><em>. S<\/em><em>i hablamos de marca, fueron unos <\/em><em>T<\/em><em>otal 90<\/em><em>,<\/em><em> plateados con rojo<\/em><em>. M<\/em><em>e los regalo mi hermano. <\/em><\/li>\n<\/ul>\n<p><strong>\u00bfRecuerda su primer entrenamiento? \u00bfLe cost\u00f3? <\/strong><\/p>\n<p><strong><em>&#8211; <\/em><\/strong><em>Fue a los cinco a\u00f1os. Fue la primera vez que decid\u00ed meterme de lleno en el f\u00fatbol, en la escuela El Tribi, en Cove\u00f1as. Muchos nervios, una cosa diferente, saber que deb\u00eda gustarle al entrenador mi juego para quedarme y competir en esa liga. A pesar de que era peque\u00f1a disfrutaba jugar en ese equipo. <\/em><\/p>\n<p><strong>\u00bfC\u00f3mo lleg\u00f3 Alianza Petrolera a su vida? <\/strong><\/p>\n<p>&#8211; <em>Luego del paso por el club Academia Compensar. Academia se podr\u00eda decir que quebr\u00f3 y a los jugadores que ten\u00eda en la cantera les dieron los papeles para que se fueran a otros equipos. Pas\u00e9 un tiempo en Europa, porque quer\u00eda probar en algunos equipos del continente. No me pude quedar por los comunitarios que hab\u00eda en dicho momento, pero llegu\u00e9 a Colombia, conoc\u00ed al representante Alex R\u00edos y llegu\u00e9 a Alianza Petrolera. Qued\u00e9 agradecido por llevarme a ese club. <\/em><\/p>\n<p><strong>\u00bfQu\u00e9 jugadores de Alianza le aportaron en el crecimiento profesional?<\/strong><\/p>\n<p><em>&#8211; Alianza Petrolera, por ser un club joven, no ha tenido muchos jugadores con renombre. En mi corto paso compart\u00ed con Felipe Aguilar, en esa \u00e9poca era selecci\u00f3n Colombia sub 20; con Juan Pablo Nieto, Mart\u00edn Arzuaga, Farid D\u00edaz y C\u00e9sar Arias. Hoy les agradezco por aportar \u2018un grano de arena\u2019 con un consejo, rega\u00f1o, todo para perfeccionar mis habilidades y crecer.<\/em><\/p>\n<p><strong>\u00bfRecuerda su debut?<\/strong><\/p>\n<p><em>&#8211; Debut\u00e9 en el 2014, contra Deportes Tolima, en el estadio de Techo en Bogot\u00e1. Jugu\u00e9 de ocho a diez minutos. Fue estupendo. Ten\u00eda muchos nervios, no sab\u00eda c\u00f3mo me iba a ir, si bien o mal. No sab\u00eda qu\u00e9 hacer. El debut es lo m\u00e1s lindo para un jugador de f\u00fatbol, porque es cuando se empieza a empapar de este mundo futbol\u00edstico.\u00a0 <\/em><\/p>\n<p><strong>\u00bfQu\u00e9 t\u00e9cnico le dio la oportunidad de debutar y qu\u00e9 le dijo? <\/strong><\/p>\n<p><em>&#8211; Oscar Upegui. Ven\u00eda de mi paso por la selecci\u00f3n Colombia y ese d\u00eda me dijo: \u201ctranquilo, haga lo que usted mejor sabe hacer. Es normal que se sienta nervios por el debut. Entre a la cancha a disfrutar\u201d. Eso fue lo que hice. Gracias a Dios tuve el aval para debutar y estoy agradecido. <\/em><\/p>\n<p><strong>Tuvo la oportunidad de marcarle al Atl\u00e9tico Nacional. \u00bfFue su primer gol? <\/strong><\/p>\n<p><em>&#8211; Ese d\u00eda fue curioso. En ese partido Estefano Arango sali\u00f3 lesionado a los 15 minutos y entr\u00e9. El partido estaba complicado y tuve la oportunidad de marcarle. Fue una emoci\u00f3n grande anotarle a un equipo como Nacional. Ese fue mi primer gol en Liga. Mi primer gol como profesional fue por Copa Colombia. <\/em><\/p>\n<p><strong>\u00bfC\u00f3mo es la hinchada aurinegra?<\/strong><\/p>\n<p><em>&#8211; Por ser un equipo chico, no tiene una hinchada abultada, pero alientan muy bien al equipo. Siempre que tienen la oportunidad de acompa\u00f1ar tienen un apoyo moral. Barrancabermeja es una ciudad peque\u00f1a y la hinchada aurinegra es acogedora. <\/em><\/p>\n<p><strong>\u00bfTambi\u00e9n ha estado en Selecci\u00f3n Colombia?<\/strong><\/p>\n<p><em>&#8211; S\u00ed. Mi paso por la selecci\u00f3n fue a los 13 a\u00f1os. La primera vez me convocaron a la sub 15 a cargo de Harold Rivera. Luego pas\u00e9 a la sub 17. Fue una experiencia linda representar al pa\u00eds. Es una satisfacci\u00f3n indescriptible y no hay palabras para describir la felicidad que da ponerse la camiseta tricolor.<\/em><\/p>\n<p><strong>\u00bfRecuerda esos partidos? <\/strong><\/p>\n<p><em>&#8211; S\u00ed. Brasil, Chile, Argentina, Uruguay, son selecciones guerreras, de mucha garra, juegan bien. Brasil destaca, porque los jugadores tienen buen pie y enfrentarlos es una alegr\u00eda enorme. Ojal\u00e1 sean muchas veces m\u00e1s. <\/em><\/p>\n<p><strong>\u00a0Enfrent\u00f3 a Brasil y Argentina, \u00bfcu\u00e1l de esos juegos fue m\u00e1s dif\u00edcil?<\/strong><\/p>\n<p><em>&#8211; Enfrentar a Brasil y Argentina era como si fueran finales, cada uno tiene su forma distinta de jugar y los partidos frente a Colombia los consideran cl\u00e1sico. En Argentina, despu\u00e9s del 5-0, no importa si es sub 15, 17, 20 o mayores, siempre va a ser un enfrentamiento de cl\u00e1sico. Con Brasil han destacado que una de las selecciones m\u00e1s dif\u00edciles para enfrentar es Colombia.\u00a0 <\/em><\/p>\n<p><strong>\u00a0\u00bfC\u00f3mo lleg\u00f3 al C\u00facuta Deportivo? <\/strong><\/p>\n<p><em>&#8211; Llegu\u00e9 por medio de mi empresario Gianluca de Franco. En Alianza hab\u00eda cumplido mi ciclo, ten\u00eda ganas de recibir un nuevo aire, una nueva ciudad, probar mis condiciones en otro equipo. Espero dejar mi huella en la hinchada y tambi\u00e9n en la ciudad. <\/em><\/p>\n<p><strong>\u00bfQu\u00e9 lo motiv\u00f3 a vestirse de rojinegro? <\/strong><\/p>\n<p><em>&#8211; C\u00facuta es uno de los equipos m\u00e1s antiguos de Colombia, ha estado en Copa libertadores, tiene su respeto. Adem\u00e1s, tiene buena vitrina por la historia. Es un salto para luego estar en un lugar mejor. <\/em><\/p>\n<p><strong>\u00bfSu opini\u00f3n de la hinchada cucute\u00f1a? <\/strong><\/p>\n<p><em>&#8211; Es muy buena, apasionada por el equipo, lo alienta. Siempre van a querer un buen resultado. En mi corto paso que he compartido con la hinchada nos ha acogido bien.<\/em><\/p>\n<p><strong>\u00bfFue duro el debut en la altura frente a Patriotas? <\/strong><\/p>\n<p><em>&#8211; S\u00ed, claro. La altura en Tunja ha sido dura para cualquier jugador. Es una de las plazas m\u00e1s duras en Colombia, cuesta, pero es lindo debutar con otro equipo, otra camiseta. Es una sensaci\u00f3n \u00fanica. <\/em><\/p>\n<p><strong>\u00a0\u00bfQu\u00e9 concepto tiene de Jairo Pati\u00f1o? <\/strong><\/p>\n<p><em>&#8211; Es buen entrenador, como lo fue en su etapa futbol\u00edstica. Tuvo sus \u00e9pocas de gloria cuando estuvo en los clubes y selecci\u00f3n Colombia. Tiene experiencia y cuando ten\u00edamos la oportunidad de hablar nos daba consejos de qu\u00e9 se pod\u00eda hacer, d\u00f3nde era mejor recibir el bal\u00f3n. Me llevo un buen concepto y ojal\u00e1 que ahora como DT le vaya bien. <\/em><\/p>\n<p><strong>\u00bfC\u00f3mo es su relaci\u00f3n con Jorge Artigas? <\/strong><\/p>\n<p><em>&#8211; Es un t\u00e9cnico que le da confianza al jugador. La plantilla se ha portado bien. Es trabajador, el gusta el f\u00fatbol intenso, esperemos que en el reinicio de la Liga podamos demostrar el trabajo que hemos hecho. <\/em><\/p>\n<p><strong>\u00bfEst\u00e1 tranquilo con jugadores de su edad y mismos pensamientos en algunos casos? <\/strong><\/p>\n<p><em>&#8211; S\u00ed. Es un equipo joven. Tambi\u00e9n, contamos con jugadores de experiencia. Es bueno estar rodeado de compa\u00f1eros que hayan estado en otros clubes. Este grupo quiere aprender para alcanzar el objetivo que cada uno se ha propuesto y es ch\u00e9vere porque los j\u00f3venes tienen los sue\u00f1os frescos para alcanzarlos. <\/em><\/p>\n<p><strong>\u00bfEs dif\u00edcil vivir lejos de casa? <\/strong><\/p>\n<p><em>&#8211; S\u00ed. Desde los 13 a\u00f1os no estoy en casa. Desde ese momento he estado lejos de mi familia, muchos viajes, concentraciones, en un pa\u00eds diferente. La verdad es que son experiencias ch\u00e9veres, que uno vive con el paso de los d\u00edas, lo hacen madurar. Espero tener muchos viajes y, por qu\u00e9 no, jugar en un club fuera del pa\u00eds. <\/em><\/p>\n<p><strong>\u00bfQu\u00e9 consejos puede darles a los j\u00f3venes que quieren ser futbolistas?<\/strong><\/p>\n<p><em>&#8211; Que luchen por este sue\u00f1o, a pesar de los miles de obst\u00e1culos, que vayan por el objetivo que se propusieron y que, a pesar de las ca\u00eddas, se levanten y sigan hacia al frente. <\/em><\/p>\n<p><strong>\u00bfSi su vida fuera una pel\u00edcula c\u00f3mo se llamar\u00eda? <\/strong><\/p>\n<p><em>&#8211; Ronaldo Ariza, as\u00ed se identificar\u00eda. <\/em><\/p>\n<p><strong>\u00bfC\u00f3mo se describe Ronaldo Ariza?<\/strong><\/p>\n<ul>\n<li>Tranquilo, amoroso con la familia, casero, atento, doy todo por mi familia, mi gente. En lo futbol\u00edstico tengo claridad, buena t\u00e9cnica, velocidad y gol. Siempre ayudo al que lo necesite.<\/li>\n<\/ul>\n<p><strong>JORDY ORLANDO CRUZ<\/strong><\/p>\n","protected":false},"excerpt":{"rendered":"<p>C\u00daCUTA.- A los 13 a\u00f1os sali\u00f3 de casa, vivi\u00f3 la adolescencia en medio de entrenamientos, competencias y sue\u00f1os. Un viaje sorpresivo a Europa lo ense\u00f1\u00f3 a madurar, a valorar cada esfuerzo diario. A pesar de la corta edad, represent\u00f3 al pa\u00eds y cumpli\u00f3 el anhelo que muchos futbolistas persiguen durante la carrera. Algunos lo logran, &hellip;<\/p>\n","protected":false},"author":1,"featured_media":36254,"comment_status":"open","ping_status":"open","sticky":false,"template":"","format":"standard","meta":{"footnotes":""},"categories":[28],"tags":[2725,192],"class_list":["post-36253","post","type-post","status-publish","format-standard","has-post-thumbnail","hentry","category-vistazo-deportivo","tag-alianza-petrolera","tag-cucuta-deportivo"],"_links":{"self":[{"href":"https:\/\/contraluzcucuta.co\/index.php?rest_route=\/wp\/v2\/posts\/36253","targetHints":{"allow":["GET"]}}],"collection":[{"href":"https:\/\/contraluzcucuta.co\/index.php?rest_route=\/wp\/v2\/posts"}],"about":[{"href":"https:\/\/contraluzcucuta.co\/index.php?rest_route=\/wp\/v2\/types\/post"}],"author":[{"embeddable":true,"href":"https:\/\/contraluzcucuta.co\/index.php?rest_route=\/wp\/v2\/users\/1"}],"replies":[{"embeddable":true,"href":"https:\/\/contraluzcucuta.co\/index.php?rest_route=%2Fwp%2Fv2%2Fcomments&post=36253"}],"version-history":[{"count":1,"href":"https:\/\/contraluzcucuta.co\/index.php?rest_route=\/wp\/v2\/posts\/36253\/revisions"}],"predecessor-version":[{"id":36255,"href":"https:\/\/contraluzcucuta.co\/index.php?rest_route=\/wp\/v2\/posts\/36253\/revisions\/36255"}],"wp:featuredmedia":[{"embeddable":true,"href":"https:\/\/contraluzcucuta.co\/index.php?rest_route=\/wp\/v2\/media\/36254"}],"wp:attachment":[{"href":"https:\/\/contraluzcucuta.co\/index.php?rest_route=%2Fwp%2Fv2%2Fmedia&parent=36253"}],"wp:term":[{"taxonomy":"category","embeddable":true,"href":"https:\/\/contraluzcucuta.co\/index.php?rest_route=%2Fwp%2Fv2%2Fcategories&post=36253"},{"taxonomy":"post_tag","embeddable":true,"href":"https:\/\/contraluzcucuta.co\/index.php?rest_route=%2Fwp%2Fv2%2Ftags&post=36253"}],"curies":[{"name":"wp","href":"https:\/\/api.w.org\/{rel}","templated":true}]}}