{"id":36238,"date":"2020-09-05T16:47:01","date_gmt":"2020-09-05T21:47:01","guid":{"rendered":"http:\/\/contraluzcucuta.co\/?p=36238"},"modified":"2020-09-05T16:47:01","modified_gmt":"2020-09-05T21:47:01","slug":"fiestas-decembrinas-concejales-piden-al-alcalde-no-promover-quema-de-polvora","status":"publish","type":"post","link":"https:\/\/contraluzcucuta.co\/?p=36238","title":{"rendered":"FIESTAS DECEMBRINAS. Concejales piden al alcalde no promover quema de p\u00f3lvora"},"content":{"rendered":"<p style=\"padding-left: 40px; text-align: right;\"><span style=\"color: #ff9900;\"><strong>C\u00daCUTA.-<\/strong> Once concejales se adelantaron a la administraci\u00f3n municipal y solicitaron al alcalde Jairo Y\u00e1\u00f1ez no contratar, ni promover o incentivar el uso de p\u00f3lvora en las fiestas de fin de a\u00f1o. La intenci\u00f3n es buscar el bienestar de los cucute\u00f1os y prevenir enfermedades ocasionadas por los fuegos pirot\u00e9cnicos.<\/span><\/p>\n<p>El concejal V\u00edctor Guillermo Caicedo present\u00f3 la campa\u00f1a #CucutaSinPolvora y obtuvo el respaldo de sus compa\u00f1eros de corporaci\u00f3n. Entre los aspectos tenidos en cuenta est\u00e1n:<\/p>\n<p>1.- Contaminaci\u00f3n a causa del uso de p\u00f3lvora<\/p>\n<p>2.- Afectados por el uso y mal manejo de la pirotecnia: ni\u00f1os, j\u00f3venes, tercera edad, personas en condici\u00f3n de discapacidad<\/p>\n<p>3.- Terror, miedo, p\u00e1nico, estr\u00e9s y muerte entre los seres sintientes.<\/p>\n<p>4.- Afectaci\u00f3n del medioambiente<\/p>\n<p>5.- Pacientes de enfermedades respiratorias<\/p>\n<p>\u201cLa quema de p\u00f3lvora expande sustancias nocivas y explosivas que contaminan el medio ambiente\u201d, dijo el concejal Caicedo. Adem\u00e1s, provocan complicaciones en las v\u00edas respiratorias. El uso inapropiado y descuidado genera quemaduras.<\/p>\n<p>Inhalar los productos pirot\u00e9cnicos produce da\u00f1os en la mucosa de los bronquios, facilita la entrada de cualquier bacteria al sistema respiratorio y ocasiona da\u00f1os en el cuerpo.<\/p>\n<p>Tambi\u00e9n expuso el concejal Caicedo que los estallidos de la p\u00f3lvora afectan el sistema nervioso de los animales, generan cuadros de estr\u00e9s e inestabilidad emocional. Adem\u00e1s, palpitaciones, taquicardia, jadeos, dificultad para respirar, hipersalivaci\u00f3n, temblores, n\u00e1useas y perturbaciones en la capacidad auditiva.<\/p>\n<p>\u201cCient\u00edficamente est\u00e1 confirmado que las personas quedan con secuelas en el cuerpo\u201d, expuso el autor de la iniciativa. El objetivo de la campa\u00f1a es motivar al gobierno local para que evite la quema de p\u00f3lvora en las fiestas navide\u00f1as que se avecinan.<\/p>\n<p>Entre los firmantes de la solicitud sobre el uso de la p\u00f3lvora tradicional est\u00e1n los concejales Carime Rodr\u00edguez, Leonardo J\u00e1come, Guillermo Le\u00f3n B\u00e1ez, Carlos Due\u00f1as, Luis Castellanos, Carlos Chac\u00f3n, Juan Ord\u00f3\u00f1ez, \u00c1lvaro Raad, Edward Var\u00f3n y Jair D\u00edaz.<\/p>\n","protected":false},"excerpt":{"rendered":"<p>C\u00daCUTA.- Once concejales se adelantaron a la administraci\u00f3n municipal y solicitaron al alcalde Jairo Y\u00e1\u00f1ez no contratar, ni promover o incentivar el uso de p\u00f3lvora en las fiestas de fin de a\u00f1o. La intenci\u00f3n es buscar el bienestar de los cucute\u00f1os y prevenir enfermedades ocasionadas por los fuegos pirot\u00e9cnicos. El concejal V\u00edctor Guillermo Caicedo present\u00f3 &hellip;<\/p>\n","protected":false},"author":1,"featured_media":36239,"comment_status":"open","ping_status":"open","sticky":false,"template":"","format":"standard","meta":{"footnotes":""},"categories":[4,9],"tags":[197,3943,5059],"class_list":["post-36238","post","type-post","status-publish","format-standard","has-post-thumbnail","hentry","category-barra","category-politica","tag-concejo-de-cucuta","tag-fiestas-decembrinas","tag-fuegos-pirotecnicos"],"_links":{"self":[{"href":"https:\/\/contraluzcucuta.co\/index.php?rest_route=\/wp\/v2\/posts\/36238","targetHints":{"allow":["GET"]}}],"collection":[{"href":"https:\/\/contraluzcucuta.co\/index.php?rest_route=\/wp\/v2\/posts"}],"about":[{"href":"https:\/\/contraluzcucuta.co\/index.php?rest_route=\/wp\/v2\/types\/post"}],"author":[{"embeddable":true,"href":"https:\/\/contraluzcucuta.co\/index.php?rest_route=\/wp\/v2\/users\/1"}],"replies":[{"embeddable":true,"href":"https:\/\/contraluzcucuta.co\/index.php?rest_route=%2Fwp%2Fv2%2Fcomments&post=36238"}],"version-history":[{"count":1,"href":"https:\/\/contraluzcucuta.co\/index.php?rest_route=\/wp\/v2\/posts\/36238\/revisions"}],"predecessor-version":[{"id":36240,"href":"https:\/\/contraluzcucuta.co\/index.php?rest_route=\/wp\/v2\/posts\/36238\/revisions\/36240"}],"wp:featuredmedia":[{"embeddable":true,"href":"https:\/\/contraluzcucuta.co\/index.php?rest_route=\/wp\/v2\/media\/36239"}],"wp:attachment":[{"href":"https:\/\/contraluzcucuta.co\/index.php?rest_route=%2Fwp%2Fv2%2Fmedia&parent=36238"}],"wp:term":[{"taxonomy":"category","embeddable":true,"href":"https:\/\/contraluzcucuta.co\/index.php?rest_route=%2Fwp%2Fv2%2Fcategories&post=36238"},{"taxonomy":"post_tag","embeddable":true,"href":"https:\/\/contraluzcucuta.co\/index.php?rest_route=%2Fwp%2Fv2%2Ftags&post=36238"}],"curies":[{"name":"wp","href":"https:\/\/api.w.org\/{rel}","templated":true}]}}