{"id":36229,"date":"2020-09-03T16:44:24","date_gmt":"2020-09-03T21:44:24","guid":{"rendered":"http:\/\/contraluzcucuta.co\/?p=36229"},"modified":"2020-09-03T16:44:24","modified_gmt":"2020-09-03T21:44:24","slug":"proyectos-de-infraestructura-gobierno-invertira-en-norte-de-santander-105-billones-para-generacion-de-empleo","status":"publish","type":"post","link":"https:\/\/contraluzcucuta.co\/?p=36229","title":{"rendered":"PROYECTOS DE INFRAESTRUCTURA. Gobierno invertir\u00e1 en Norte de Santander $ 1,05 billones para generaci\u00f3n de empleo"},"content":{"rendered":"<p style=\"padding-left: 40px; text-align: right;\"><span style=\"color: #ff9900;\"><strong>C\u00daCUTA.-<\/strong> Norte de Santander tendr\u00e1 asignados $ 1,05 billones, provenientes de los recursos de la naci\u00f3n para inversi\u00f3n en infraestructura. El objetivo es reactivar la generaci\u00f3n de empleo en el departamento.<\/span><\/p>\n<p>Se espera que alcancen a generarse 12.100 puestos laborales, se beneficiar\u00e1n 293.000 nortesantandereanos y mejorar\u00e1n la competitividad y la conectividad. Al terminarse las obras, los costos de operaci\u00f3n del transporte de reducir\u00e1n en $ 65.308 millones anuales. Tambi\u00e9n, habr\u00e1 reducci\u00f3n en tiempos de desplazamiento.<\/p>\n<p>La vicepresidenta Marta Luc\u00eda Ram\u00edrez envi\u00f3 el informe de las obras al gobernador Silvano Serrano.<\/p>\n<p>Los programas son los siguientes:<\/p>\n<p><strong>Concluir, concluir y concluir<\/strong><\/p>\n<ul>\n<li>Tres proyectos estructurados en la parte t\u00e9cnica en su totalidad. NO requieren permisos ambientales o sociales por la naturaleza de las intervenciones. Ir\u00e1n a Confis, en septiembre, y tendr\u00e1n aprobaci\u00f3n de las vigencias futuras 2021-2022, en septiembre.<\/li>\n<li>Esto permitir\u00e1 adjudicar los proyectos en diciembre e iniciar obras en el primer bimestre del 2021.<\/li>\n<\/ul>\n<p><strong>Proyecto de obra p\u00fablica<\/strong><\/p>\n<p>1.- Corredor puente mariano Ospina P\u00e9rez.<\/p>\n<p>Inversi\u00f3n: $ 40.000 millones.<\/p>\n<p>Inicio de obra: enero de 2021<\/p>\n<p>Entrega de obra: julio de 2022<\/p>\n<p>2.- Troncal de El Catatumbo<\/p>\n<p>Inversi\u00f3n: $ 70.000 millones<\/p>\n<p>Inicio de obra: enero de 2021<\/p>\n<p>Entrega de obra: julio de 2022<\/p>\n<p>3.- Troncal Central del Norte (Duitama-Pamplona)<\/p>\n<p>Inversi\u00f3n: $ 180.000 millones<\/p>\n<p>Inicio de obra: enero de 2021<\/p>\n<p>Entrega de obra: julio de 2022<\/p>\n<p><strong>V\u00edas para la legalidad<\/strong><\/p>\n<ul>\n<li>El proyecto Transversal de El Catatumbo (Tib\u00fa-El Tarra-Convenci\u00f3n). Est\u00e1 en dise\u00f1os. El Inv\u00edas espera terminar los estudios en julio de 2021.La adjudicaci\u00f3n se har\u00e1 en septiembre de 2021. Inicio de obras en octubre.<\/li>\n<\/ul>\n<p>1.- Transversal de El Catatumbo (Tib\u00fa-El Tarra-Convenci\u00f3n)<\/p>\n<p>Inversi\u00f3n: $ 330.000 millones<\/p>\n<p>Inicio de obra: octubre de 2021<\/p>\n<p>Entrega de obra: diciembre de 2030<\/p>\n<p><strong>Colombia Rural<\/strong><\/p>\n<p>Ocho municipios beneficiados:<\/p>\n<ul>\n<li>Convenci\u00f3n. Convenci\u00f3n-La Vega-Guamal-Piedecuesta-Pelagorro. Ocho kil\u00f3metros. Inversi\u00f3n de $ 1104 millones.<\/li>\n<li>El Carmen. Guamalito-Culebritas-Santa In\u00e9s. Ocho kil\u00f3metros. $ 1054 millones.<\/li>\n<li>El Tarra. Tarra-Tarra Sur. Ocho kil\u00f3metros. $ 1089 millones<\/li>\n<li>Hacar\u00ed. Hacar\u00ed-San Jos\u00e9 del Tarra. Ocho kil\u00f3metros. $ 1124 millones.<\/li>\n<li>San Calixto. San Calixto-Casas Viejas-Vista Hermosa. Ocho kil\u00f3metros. $ 1134 millones.<\/li>\n<li>Sardinata-Las Mercedes. Ocho kil\u00f3metros. $ 1155 millones.<\/li>\n<li>Miracotes-Los ranchos. Ocho kil\u00f3metros. $ 1085 millones.<\/li>\n<li>Tib\u00fa. Campo Dos-Campo Tres. Ocho kil\u00f3metros. $ 1070 millones.<\/li>\n<\/ul>\n<p>&nbsp;<\/p>\n<p>Total de kil\u00f3metros de v\u00eda: 64.<\/p>\n<p>Total de inversi\u00f3n: $ 8821 millones.<\/p>\n<p><strong>Pacto Bicentenario<\/strong><\/p>\n<p>1.- La Soberan\u00eda-La Lej\u00eda-Saravena<\/p>\n<p>Inversi\u00f3n: $ 420.000 millones<\/p>\n<p>Inicio de obra: marzo de 2021<\/p>\n<p>Entrega de obra: julio de 2030<\/p>\n","protected":false},"excerpt":{"rendered":"<p>C\u00daCUTA.- Norte de Santander tendr\u00e1 asignados $ 1,05 billones, provenientes de los recursos de la naci\u00f3n para inversi\u00f3n en infraestructura. El objetivo es reactivar la generaci\u00f3n de empleo en el departamento. Se espera que alcancen a generarse 12.100 puestos laborales, se beneficiar\u00e1n 293.000 nortesantandereanos y mejorar\u00e1n la competitividad y la conectividad. Al terminarse las obras, &hellip;<\/p>\n","protected":false},"author":1,"featured_media":36230,"comment_status":"open","ping_status":"open","sticky":false,"template":"","format":"standard","meta":{"footnotes":""},"categories":[45,4],"tags":[379,4663],"class_list":["post-36229","post","type-post","status-publish","format-standard","has-post-thumbnail","hentry","category-destacado","category-barra","tag-gobernacion-de-norte-de-santander","tag-vicepresidencia-de-la-republica"],"_links":{"self":[{"href":"https:\/\/contraluzcucuta.co\/index.php?rest_route=\/wp\/v2\/posts\/36229","targetHints":{"allow":["GET"]}}],"collection":[{"href":"https:\/\/contraluzcucuta.co\/index.php?rest_route=\/wp\/v2\/posts"}],"about":[{"href":"https:\/\/contraluzcucuta.co\/index.php?rest_route=\/wp\/v2\/types\/post"}],"author":[{"embeddable":true,"href":"https:\/\/contraluzcucuta.co\/index.php?rest_route=\/wp\/v2\/users\/1"}],"replies":[{"embeddable":true,"href":"https:\/\/contraluzcucuta.co\/index.php?rest_route=%2Fwp%2Fv2%2Fcomments&post=36229"}],"version-history":[{"count":1,"href":"https:\/\/contraluzcucuta.co\/index.php?rest_route=\/wp\/v2\/posts\/36229\/revisions"}],"predecessor-version":[{"id":36231,"href":"https:\/\/contraluzcucuta.co\/index.php?rest_route=\/wp\/v2\/posts\/36229\/revisions\/36231"}],"wp:featuredmedia":[{"embeddable":true,"href":"https:\/\/contraluzcucuta.co\/index.php?rest_route=\/wp\/v2\/media\/36230"}],"wp:attachment":[{"href":"https:\/\/contraluzcucuta.co\/index.php?rest_route=%2Fwp%2Fv2%2Fmedia&parent=36229"}],"wp:term":[{"taxonomy":"category","embeddable":true,"href":"https:\/\/contraluzcucuta.co\/index.php?rest_route=%2Fwp%2Fv2%2Fcategories&post=36229"},{"taxonomy":"post_tag","embeddable":true,"href":"https:\/\/contraluzcucuta.co\/index.php?rest_route=%2Fwp%2Fv2%2Ftags&post=36229"}],"curies":[{"name":"wp","href":"https:\/\/api.w.org\/{rel}","templated":true}]}}