{"id":36223,"date":"2020-08-29T17:53:30","date_gmt":"2020-08-29T22:53:30","guid":{"rendered":"http:\/\/contraluzcucuta.co\/?p=36223"},"modified":"2020-08-29T17:53:30","modified_gmt":"2020-08-29T22:53:30","slug":"llego-el-momento-150-invitados-estaran-en-la-fiesta-del-libro-de-cucuta","status":"publish","type":"post","link":"https:\/\/contraluzcucuta.co\/?p=36223","title":{"rendered":"LLEG\u00d3 EL MOMENTO. 150 invitados estar\u00e1n en la Fiesta del Libro de C\u00facuta"},"content":{"rendered":"<p style=\"padding-left: 40px; text-align: right;\"><span style=\"color: #ff9900;\"><strong>C\u00daCUTA.-<\/strong> Ciento cincuenta invitados participar\u00e1n en 40 presentaciones de libros de autores nacionales e internacionales, 30 de libros de autores regionales y locales, 15 conversatorios, 10 charlas, 80 talleres para ni\u00f1as, ni\u00f1os y j\u00f3venes, 30 proyecciones audiovisuales y 12 encuentros acad\u00e9micos, entre otras actividades.<\/span><\/p>\n<p>Este espacio de encuentro para las artes, la literatura, la academia y la cultura se vivir\u00e1, a partir del 31 de agosto, cuando comience en formato virtual la versi\u00f3n 16 de la Fiesta del Libro de C\u00facuta. El tema central para esta ocasi\u00f3n ser\u00e1 Resiliencia: un paso adelante con la cultura.<\/p>\n<p>Hasta el 5 de septiembre, se vivir\u00e1 el desarrollo de 11 franjas de programaci\u00f3n que permitir\u00e1n que los visitantes disfruten gratis de m\u00e1s de 200 actividades.<\/p>\n<p>La fliC 2020 abordar\u00e1 y comprender\u00e1 la resiliencia como esa caracter\u00edstica innata que posee el ser humano para sobreponerse, de manera positiva, a las adversidades, los contratiempos y los retos. En la Fiesta se explorar\u00e1 c\u00f3mo la ciencia, el deporte, la academia, la literatura, la m\u00fasica, la danza, el teatro, la poes\u00eda, la pintura y las expresiones art\u00edsticas se han convertido en herramientas y est\u00edmulos catalizadores para generar procesos resilientes en los seres humanos.<\/p>\n<p>Entre los invitados destacan Santiago Gamboa, Ricardo Silva Romero, Mauricio Silva, H\u00e9ctor Abad, Pilar Quintana, Margarita Posada, Piedad Bonnett, Le\u00f3n Valencia, Sandra Borda, Alfredo Molano Jimeno y Federico D\u00edaz Granados, quienes compartir\u00e1n experiencias e inspiraciones literarias.<\/p>\n<p>La Fiesta del Libro de C\u00facuta es organizada por la Biblioteca P\u00fablica Julio P\u00e9rez Ferrero, con apoyo del Ministerio de Cultura, la Gobernaci\u00f3n de Norte de Santander y la Alcald\u00eda de C\u00facuta.<\/p>\n<p>Para participar en las actividades se debe ingresar a la plataforma www.fiestadellibrocucuta.org en la que encontrar\u00e1n los eventos.<\/p>\n","protected":false},"excerpt":{"rendered":"<p>C\u00daCUTA.- Ciento cincuenta invitados participar\u00e1n en 40 presentaciones de libros de autores nacionales e internacionales, 30 de libros de autores regionales y locales, 15 conversatorios, 10 charlas, 80 talleres para ni\u00f1as, ni\u00f1os y j\u00f3venes, 30 proyecciones audiovisuales y 12 encuentros acad\u00e9micos, entre otras actividades. Este espacio de encuentro para las artes, la literatura, la academia &hellip;<\/p>\n","protected":false},"author":1,"featured_media":36224,"comment_status":"open","ping_status":"open","sticky":false,"template":"","format":"standard","meta":{"footnotes":""},"categories":[4,37],"tags":[1593,5056],"class_list":["post-36223","post","type-post","status-publish","format-standard","has-post-thumbnail","hentry","category-barra","category-paseo-cultural","tag-fiesta-del-libro-de-cucuta","tag-flic2020"],"_links":{"self":[{"href":"https:\/\/contraluzcucuta.co\/index.php?rest_route=\/wp\/v2\/posts\/36223","targetHints":{"allow":["GET"]}}],"collection":[{"href":"https:\/\/contraluzcucuta.co\/index.php?rest_route=\/wp\/v2\/posts"}],"about":[{"href":"https:\/\/contraluzcucuta.co\/index.php?rest_route=\/wp\/v2\/types\/post"}],"author":[{"embeddable":true,"href":"https:\/\/contraluzcucuta.co\/index.php?rest_route=\/wp\/v2\/users\/1"}],"replies":[{"embeddable":true,"href":"https:\/\/contraluzcucuta.co\/index.php?rest_route=%2Fwp%2Fv2%2Fcomments&post=36223"}],"version-history":[{"count":1,"href":"https:\/\/contraluzcucuta.co\/index.php?rest_route=\/wp\/v2\/posts\/36223\/revisions"}],"predecessor-version":[{"id":36225,"href":"https:\/\/contraluzcucuta.co\/index.php?rest_route=\/wp\/v2\/posts\/36223\/revisions\/36225"}],"wp:featuredmedia":[{"embeddable":true,"href":"https:\/\/contraluzcucuta.co\/index.php?rest_route=\/wp\/v2\/media\/36224"}],"wp:attachment":[{"href":"https:\/\/contraluzcucuta.co\/index.php?rest_route=%2Fwp%2Fv2%2Fmedia&parent=36223"}],"wp:term":[{"taxonomy":"category","embeddable":true,"href":"https:\/\/contraluzcucuta.co\/index.php?rest_route=%2Fwp%2Fv2%2Fcategories&post=36223"},{"taxonomy":"post_tag","embeddable":true,"href":"https:\/\/contraluzcucuta.co\/index.php?rest_route=%2Fwp%2Fv2%2Ftags&post=36223"}],"curies":[{"name":"wp","href":"https:\/\/api.w.org\/{rel}","templated":true}]}}