{"id":36220,"date":"2020-08-29T16:05:12","date_gmt":"2020-08-29T21:05:12","guid":{"rendered":"http:\/\/contraluzcucuta.co\/?p=36220"},"modified":"2020-08-29T16:05:12","modified_gmt":"2020-08-29T21:05:12","slug":"futbol-de-primera-el-campeonato-se-reanudara-en-la-tercera-semana-de-septiembre","status":"publish","type":"post","link":"https:\/\/contraluzcucuta.co\/?p=36220","title":{"rendered":"F\u00daTBOL DE PRIMERA. El campeonato se reanudar\u00e1 en la tercera semana de septiembre"},"content":{"rendered":"<p style=\"padding-left: 40px; text-align: right;\"><span style=\"color: #ff9900;\"><strong>BOGOT\u00c1.-<\/strong> &#8216;Esperamos que el torneo reinicie, a m\u00e1s tardar la tercera semana de septiembre. Por ahora, los partidos se disputar\u00e1n en las sedes de cada uno de los equipos&#8217;. As\u00ed lo confirm\u00f3 el ministro del Deporte, Ernesto Lucena, al destacar que se cumplieron las primeras etapas de preparaci\u00f3n en cada uno de los clubes profesionales de f\u00fatbol.<\/span><\/p>\n<p>En cuanto a las competiciones internacionales, se aprob\u00f3 la disputa de Copa Libertadores, Copa Suramericana y clasificaci\u00f3n a la Copa Mundial de F\u00fatbol Catar 2022.<\/p>\n<p>En todos los casos, cert\u00e1menes deportivos y concentraciones se jugar\u00e1n sin aglomeraciones, sin presencia de p\u00fablico y adoptando los protocolos determinados por el Ministerio de Salud, la Confederaci\u00f3n Sudamericana de F\u00fatbol (Conmebol) y la Federaci\u00f3n Internacional de F\u00fatbol Asociaci\u00f3n (FIFA).<\/p>\n<p>En las ciudades que cuentan con ciclov\u00eda quedan habilitadas. \u201cEs fundamental el distanciamiento y el estricto cumplimiento de las medidas locales\u201d, dijo el ministro Lucena. Invit\u00f3 a los padres de familia a ser responsables con los hijos para acatar las normas de bioseguridad, en lo referente con el buen uso del tapabocas y el lavado de manos.<\/p>\n<p><strong>Reactivaci\u00f3n de gimnasios y escuelas de formaci\u00f3n deportiva<\/strong><\/p>\n<p>La Resoluci\u00f3n 1313 de 2020, expedida por los ministerios de Salud y de Deporte, habilita a los gimnasios para abrir gradualmente, con restricciones de distanciamiento, uso permanente de tapabocas y dem\u00e1s medidas de bioseguridad establecidas.<\/p>\n<p>Deben cumplir el control de aforo, m\u00e1ximo de 50 personas en el lugar, independientemente de las \u00e1reas que se dispongan. Ser\u00e1n las autoridades locales las que determinen la reapertura.<\/p>\n<p>Las escuelas de formaci\u00f3n deportiva, la actividad f\u00edsica y la recreaci\u00f3n de ni\u00f1os y j\u00f3venes quedan habilitadas para iniciar actividades, con el respectivo cumplimiento de protocolos.<\/p>\n<p><strong>Reactivaci\u00f3n del alto rendimiento<\/strong><\/p>\n<p>Todos los deportes quedan autorizados, a partir del primero de septiembre, y no habr\u00e1 categor\u00edas de riesgo. Los atletas deber\u00e1n usar tapabocas en todo momento, con excepci\u00f3n de los de mayor intensidad, en los que tienen la opci\u00f3n de usarlo o no.<\/p>\n<p>A partir de la pr\u00f3xima semana, atletismo, levantamiento de pesas y el equipo femenino de ciclismo Colombia Tierra de Atletas (GW) iniciar\u00e1n concentraci\u00f3n.<\/p>\n<p><strong>Actividad f\u00edsica y recreaci\u00f3n<\/strong><\/p>\n<p>Los ministerios del Deporte, Educaci\u00f3n, Cultura y Salud, la Consejer\u00eda Presidencial para la Ni\u00f1ez y Adolescencia, delegados de la Comisi\u00f3n Intersectorial de Primera Infancia (CIPI), el Instituto Colombiano de Bienestar Familiar (ICBF), expertos nacionales e internacionales y otras entidades trabajan en la construcci\u00f3n del nuevo \u2018Lineamiento para el retorno a la recreaci\u00f3n, el deporte formativo y la pr\u00e1ctica de actividad f\u00edsica en ni\u00f1os y adolescentes.<\/p>\n<p>Para esto, se han efectuado mesas de trabajo, conversatorios con expertos nacionales e internacionales y charlas con ni\u00f1as, ni\u00f1os y adolescentes para reflexionar, revisar y crear todos los protocolos de bioseguridad que permitan dar apertura de escenarios para la pr\u00e1ctica de actividad f\u00edsica, recreaci\u00f3n y deporte.<\/p>\n<p>Casa de Nari\u00f1o en L\u00ednea<\/p>\n","protected":false},"excerpt":{"rendered":"<p>BOGOT\u00c1.- &#8216;Esperamos que el torneo reinicie, a m\u00e1s tardar la tercera semana de septiembre. Por ahora, los partidos se disputar\u00e1n en las sedes de cada uno de los equipos&#8217;. As\u00ed lo confirm\u00f3 el ministro del Deporte, Ernesto Lucena, al destacar que se cumplieron las primeras etapas de preparaci\u00f3n en cada uno de los clubes profesionales &hellip;<\/p>\n","protected":false},"author":1,"featured_media":36221,"comment_status":"open","ping_status":"open","sticky":false,"template":"","format":"standard","meta":{"footnotes":""},"categories":[4,28],"tags":[192,301,5055],"class_list":["post-36220","post","type-post","status-publish","format-standard","has-post-thumbnail","hentry","category-barra","category-vistazo-deportivo","tag-cucuta-deportivo","tag-futbol-profesional-colombiano","tag-ministerio-del-deporte"],"_links":{"self":[{"href":"https:\/\/contraluzcucuta.co\/index.php?rest_route=\/wp\/v2\/posts\/36220","targetHints":{"allow":["GET"]}}],"collection":[{"href":"https:\/\/contraluzcucuta.co\/index.php?rest_route=\/wp\/v2\/posts"}],"about":[{"href":"https:\/\/contraluzcucuta.co\/index.php?rest_route=\/wp\/v2\/types\/post"}],"author":[{"embeddable":true,"href":"https:\/\/contraluzcucuta.co\/index.php?rest_route=\/wp\/v2\/users\/1"}],"replies":[{"embeddable":true,"href":"https:\/\/contraluzcucuta.co\/index.php?rest_route=%2Fwp%2Fv2%2Fcomments&post=36220"}],"version-history":[{"count":1,"href":"https:\/\/contraluzcucuta.co\/index.php?rest_route=\/wp\/v2\/posts\/36220\/revisions"}],"predecessor-version":[{"id":36222,"href":"https:\/\/contraluzcucuta.co\/index.php?rest_route=\/wp\/v2\/posts\/36220\/revisions\/36222"}],"wp:featuredmedia":[{"embeddable":true,"href":"https:\/\/contraluzcucuta.co\/index.php?rest_route=\/wp\/v2\/media\/36221"}],"wp:attachment":[{"href":"https:\/\/contraluzcucuta.co\/index.php?rest_route=%2Fwp%2Fv2%2Fmedia&parent=36220"}],"wp:term":[{"taxonomy":"category","embeddable":true,"href":"https:\/\/contraluzcucuta.co\/index.php?rest_route=%2Fwp%2Fv2%2Fcategories&post=36220"},{"taxonomy":"post_tag","embeddable":true,"href":"https:\/\/contraluzcucuta.co\/index.php?rest_route=%2Fwp%2Fv2%2Ftags&post=36220"}],"curies":[{"name":"wp","href":"https:\/\/api.w.org\/{rel}","templated":true}]}}