{"id":36217,"date":"2020-08-29T15:26:52","date_gmt":"2020-08-29T20:26:52","guid":{"rendered":"http:\/\/contraluzcucuta.co\/?p=36217"},"modified":"2020-08-29T15:26:52","modified_gmt":"2020-08-29T20:26:52","slug":"prosperidad-social-a-convocatoria-3985-universitarios-para-hacer-parte-de-jovenes-en-accion-en-norte-de-santander","status":"publish","type":"post","link":"https:\/\/contraluzcucuta.co\/?p=36217","title":{"rendered":"PROSPERIDAD SOCIAL. A convocatoria 3985 universitarios para hacer parte de J\u00f3venes en Acci\u00f3n, en Norte de Santander"},"content":{"rendered":"<p style=\"padding-left: 40px; text-align: right;\"><span style=\"color: #ff9900;\"><strong>C\u00daCUTA.-\u00a0<\/strong>De los 8000 nuevos cupos para hacer parte del programa J\u00f3venes en Acci\u00f3n en Norte de Santander, 3985 (50 %), est\u00e1n disponibles. Para hacer parte del programa, los interesados deben ser j\u00f3venes bachilleres en situaci\u00f3n de pobreza matriculados en un programa de educaci\u00f3n superior en modalidad t\u00e9cnica, tecnol\u00f3gica o universitaria, con convenio con Prosperidad Social. Tambi\u00e9n pueden acceder j\u00f3venes con medida de protecci\u00f3n del ICBF.<\/span><\/p>\n<p>La condici\u00f3n de pobreza se determina seg\u00fan criterios establecidos por Prosperidad Social y se utiliza informaci\u00f3n de:<\/p>\n<p>1.- Sisb\u00e9n<\/p>\n<p>2.- Estrategia Unidos<\/p>\n<p>3.- Registro \u00danico de V\u00edctimas<\/p>\n<p>4.- Familias en Acci\u00f3n<\/p>\n<p>5.- Listados censales ind\u00edgenas.<\/p>\n<p>Prosperidad Social atiende en Norte de Santander a m\u00e1s de 16.219 estudiantes con este programa como aporte a la garant\u00eda del derecho a la educaci\u00f3n. La informaci\u00f3n la entreg\u00f3 la directora regional de Prosperidad Social en Norte de Santander, Emperatriz Misse Mill\u00e1n.<\/p>\n<p>La directora nacional Susana Correa Borrero afirm\u00f3 que \u201ccomo Gobierno y desde Prosperidad Social seguimos apost\u00e1ndole a la educaci\u00f3n como pilar fundamental para superar pobreza y lograr equidad\u201d. Hace dos semanas, se anunci\u00f3 la apertura de 144.000 cupos para el programa. \u201cEsperamos que los j\u00f3venes aprovechen este apoyo que oscila entre un mill\u00f3n de pesos en el semestre a los estudiantes de universidades p\u00fablicas y hasta mill\u00f3n doscientos para los aprendices del Sena\u201d.<\/p>\n<p>El programa ampli\u00f3 la atenci\u00f3n desde el segundo semestre de 2018, a cerca de 309.657 estudiantes en el pa\u00eds. Y extendi\u00f3 la cobertura a los 1103 municipios. Las preinscripciones ahora son permanentes y se ajust\u00f3 el requisito de edad, de 14 a 28 a\u00f1os.<\/p>\n","protected":false},"excerpt":{"rendered":"<p>C\u00daCUTA.-\u00a0De los 8000 nuevos cupos para hacer parte del programa J\u00f3venes en Acci\u00f3n en Norte de Santander, 3985 (50 %), est\u00e1n disponibles. Para hacer parte del programa, los interesados deben ser j\u00f3venes bachilleres en situaci\u00f3n de pobreza matriculados en un programa de educaci\u00f3n superior en modalidad t\u00e9cnica, tecnol\u00f3gica o universitaria, con convenio con Prosperidad Social. &hellip;<\/p>\n","protected":false},"author":1,"featured_media":36218,"comment_status":"open","ping_status":"open","sticky":false,"template":"","format":"standard","meta":{"footnotes":""},"categories":[74,4,36],"tags":[2597,5054,161],"class_list":["post-36217","post","type-post","status-publish","format-standard","has-post-thumbnail","hentry","category-aula-universitaria","category-barra","category-la-voz-del-pueblo","tag-aula-universitaria","tag-prosperidad-social","tag-universidad-de-pamplona"],"_links":{"self":[{"href":"https:\/\/contraluzcucuta.co\/index.php?rest_route=\/wp\/v2\/posts\/36217","targetHints":{"allow":["GET"]}}],"collection":[{"href":"https:\/\/contraluzcucuta.co\/index.php?rest_route=\/wp\/v2\/posts"}],"about":[{"href":"https:\/\/contraluzcucuta.co\/index.php?rest_route=\/wp\/v2\/types\/post"}],"author":[{"embeddable":true,"href":"https:\/\/contraluzcucuta.co\/index.php?rest_route=\/wp\/v2\/users\/1"}],"replies":[{"embeddable":true,"href":"https:\/\/contraluzcucuta.co\/index.php?rest_route=%2Fwp%2Fv2%2Fcomments&post=36217"}],"version-history":[{"count":1,"href":"https:\/\/contraluzcucuta.co\/index.php?rest_route=\/wp\/v2\/posts\/36217\/revisions"}],"predecessor-version":[{"id":36219,"href":"https:\/\/contraluzcucuta.co\/index.php?rest_route=\/wp\/v2\/posts\/36217\/revisions\/36219"}],"wp:featuredmedia":[{"embeddable":true,"href":"https:\/\/contraluzcucuta.co\/index.php?rest_route=\/wp\/v2\/media\/36218"}],"wp:attachment":[{"href":"https:\/\/contraluzcucuta.co\/index.php?rest_route=%2Fwp%2Fv2%2Fmedia&parent=36217"}],"wp:term":[{"taxonomy":"category","embeddable":true,"href":"https:\/\/contraluzcucuta.co\/index.php?rest_route=%2Fwp%2Fv2%2Fcategories&post=36217"},{"taxonomy":"post_tag","embeddable":true,"href":"https:\/\/contraluzcucuta.co\/index.php?rest_route=%2Fwp%2Fv2%2Ftags&post=36217"}],"curies":[{"name":"wp","href":"https:\/\/api.w.org\/{rel}","templated":true}]}}