{"id":36188,"date":"2020-08-24T16:21:41","date_gmt":"2020-08-24T21:21:41","guid":{"rendered":"http:\/\/contraluzcucuta.co\/?p=36188"},"modified":"2020-08-24T16:21:41","modified_gmt":"2020-08-24T21:21:41","slug":"oster-te-inspira-2020-dos-cucutenos-preseleccionados-para-becas-y-un-viaje-doble-a-tokio-2021","status":"publish","type":"post","link":"https:\/\/contraluzcucuta.co\/?p=36188","title":{"rendered":"\u2018OSTER TE INSPIRA 2020\u2019. Dos cucute\u00f1os preseleccionados para becas y un viaje doble a Tokio 2021."},"content":{"rendered":"<p style=\"padding-left: 40px; text-align: right;\"><span style=\"color: #ff9900;\"><strong>BOGOT\u00c1.-<\/strong> La yudoca Yulieth Pajoy Torres y el gimnasta \u00c1ngel Gabriel Barajas hacen parte de los preseleccionados para disputar seis becas deportivas por $ 25 millones cada una, y 9 incentivos por $ 2,0 millones como parte de la iniciativa social \u2018Oster Te Inspira 2020\u2019. El programa premiar\u00e1 a j\u00f3venes talentos del deporte nacional con miras al ciclo ol\u00edmpico.<\/span><\/p>\n<p>Quince promesas del deporte colombiano de diferentes rincones del pa\u00eds y diversas disciplinas deportivas conforman el grupo escogido por Oster y el Comit\u00e9 Ol\u00edmpico Colombiano (COC). Como valor agregado a los premios, el que m\u00e1s sume votos de los becados recibir\u00e1 un viaje a Jap\u00f3n con los gastos pagos, junto a un acompa\u00f1ante, para presenciar las justas ol\u00edmpicas 2021.<\/p>\n<p>El p\u00fablico podr\u00e1 votar a partir del 8 de septiembre por los deportistas favoritos. El cierre de las votaciones ir\u00e1 hasta el 26 de octubre y representar\u00e1 el 20 % de la votaci\u00f3n total de cada participante.<\/p>\n<p>El 80 % estar\u00e1 a cargo de las medallistas ol\u00edmpicas Mariana Paj\u00f3n y Caterine Ibarg\u00fcen, quienes son parte del jurado calificador. El otro miembro del jurado ser\u00e1 un metod\u00f3logo del Comit\u00e9 Ol\u00edmpico Colombiano. Las votaciones se extender\u00e1n hasta el 29 de octubre.<\/p>\n<p>Los ganadores de las becas se dar\u00e1n a conocer el 9 de noviembre y el 21 de noviembre, se har\u00e1 la transmisi\u00f3n del evento final que premiar\u00e1 a uno de los deportistas con el viaje a Jap\u00f3n.<\/p>\n<p>Los deportistas preseleccionados son:<\/p>\n<p>1.- Yulieth Pajoy Torres (Yudo). Naci\u00f3 en C\u00facuta, tiene 17 a\u00f1os, se presenta por segunda vez para ganarse una beca deportiva Oster. Es Selecci\u00f3n Norte de Santander y Selecci\u00f3n Colombia. Ha obtenido 6 medallas de Oro a nivel nacional y medalla de Bronce en la categor\u00eda de 48-52 kilogramos, en los pasados XXI Juegos Nacionales; triunfo hist\u00f3rico para Norte de Santander. Adem\u00e1s, alcanz\u00f3 la presea de Plata en la categor\u00eda de los 52 kilos cadetes en el Panamericano 2019 celebrado en Cali y medalla de Oro en los 52 kilos en Junior y Plata en Cadetes en el suramericano 2019.<\/p>\n<p>2.- \u00c1ngel Gabriel Barajas (Gimnasia Art\u00edstica), oriundo de C\u00facuta. Con tan s\u00f3lo 14 a\u00f1os lleva 8 de ellos practicando su disciplina. Ya ostenta cuatro t\u00edtulos suramericanos de gimnasia, proyect\u00e1ndose como una de las futuras figuras en la escena internacional de su deporte.<\/p>\n<p>3.- Natalia Andrea Mendivelso (Taekwondo), oriunda de Paz de Ariporo, Casanare, practica desde hace 8 a\u00f1os su disciplina. A sus 15 a\u00f1os hace parte de la Selecci\u00f3n Casanare de Taekowndo y de la Selecci\u00f3n Nacional del mismo deporte. Dentro de sus logros se destaca el resultado hist\u00f3rico cuando gan\u00f3 medalla de plata en el Campeonato Mundial de Taekowndo en Uzbekist\u00e1n, en la categor\u00eda Cadetes. Ha sido 13 veces Campeona Nacional en las categor\u00edas Cadetes y Juvenil y medalla de Bronce en los Panamericanos de Costa Rica en 2017.\u00a0 Su meta es ser Campeona Mundial de Mayores y clasificar a los Juegos Ol\u00edmpicos.<\/p>\n<p>4.- Karen Bedoya L\u00f3pez (Salto con P\u00e9rtiga) naci\u00f3 en Bogot\u00e1 hace 18 a\u00f1os, pero se cri\u00f3 y se hizo deportista en la ciudad de Ibagu\u00e9. Desde hace cinco a\u00f1os entrena atletismo y hace cuatro a\u00f1os se especializa en el salto con p\u00e9rtiga. Campeona Nacional desde la categor\u00eda sub-14 hasta la categor\u00eda sub-20 y doble Campeona Sudamericana. En 2019, gan\u00f3 Oro con una nueva marca personal de 3,61 metros, en la Copa Nacional Interclubes de Atletismo categor\u00eda U20, en la ciudad de Cali. Es estudiante de la Licenciatura en Educaci\u00f3n F\u00edsica, Recreaci\u00f3n y Deportes de la Universidad del Tolima.<\/p>\n<p>5.- Mateo Romero Blanco (Atletismo, modalidad Marcha), con 17 a\u00f1os, lleva 6 practicando esta disciplina. El a\u00f1o pasado gan\u00f3 Medalla de Oro en el Campeonato Nacional de Marcha, en la categor\u00eda Sub 18 (10K). Ha sido ocho veces Campe\u00f3n Nacional, dos veces Sub Campe\u00f3n Nacional, m\u00faltiples veces Campe\u00f3n Distrital, y posee varios r\u00e9cords nacionales. Entre sus triunfos m\u00e1s importantes se destacan: Medalla de Bronce en el Challenger Mundial de Marcha (Espa\u00f1a) y la Medalla de Oro en el suramericano de Cochabamba 2017.<\/p>\n<p>6.- Stefania Escobar V\u00e9lez (BMX), es del municipio San Pedro de los Milagros Antioquia. Desde los 7 a\u00f1os practica su deporte. El a\u00f1o pasado particip\u00f3 en el Campeonato Panamericano y Latinoamericano de BMX en la ciudad de Sao Paulo, Brasil, donde ocup\u00f3 el tercer lugar de su categor\u00eda, en ambas competencias, colg\u00e1ndose dos medallas de bronce.<\/p>\n<p>7.- Pedro Alejandro Mar\u00edn (Atletismo), nacido en Cundinamarca, tiene 16 a\u00f1os. En 2018 fue elegido como el Mejor Deportista en la categor\u00eda Sub 16, por la Federaci\u00f3n Colombiana de Atletismo.\u00a0 Ha sido campe\u00f3n nacional del TAC (Talentos del Atletismo Colombiano) y Campe\u00f3n de los 2.000 mts en la categor\u00eda sub 16, en los Juegos Sup\u00e9rate Intercolegiados.<\/p>\n<p>8.- Jonathan Rodr\u00edguez Sierra (Salto Largo y Salto Triple), tiene 18 a\u00f1os, naci\u00f3 en Monterrey, Casanare. Lleva 4 a\u00f1os practicando estas disciplinas y ha logrado 1 y 2 puesto a nivel nacional, tambi\u00e9n ha sido 3 veces Campe\u00f3n Departamental.<\/p>\n<p>9.- Estrella Lobo Contreras (Salto Largo y Salto Triple), oriunda de Santa Marta, se le considera una las j\u00f3venes promesas del atletismo nacional. Se consagr\u00f3 en los Juegos Sup\u00e9rate Intercolegiados 2019 con medalla de Oro en el salto triple y una marca de 12.49mts?, lo que le vali\u00f3 la clasificaci\u00f3n a los Juegos Bolivarianos de la Juventud que se realizar\u00edan en Bolivia este a\u00f1o. El a\u00f1o pasado cerr\u00f3 con la mejor marca en salto triple en las categor\u00edas sud 18 y sub 20.<\/p>\n<p>10.-\u00a0\u00a0 Daniel Guete (Tenis de Mesa), naci\u00f3 en Bogot\u00e1, tiene 15 a\u00f1os y hace 7 a\u00f1os practica su deporte. Ha sido Campe\u00f3n Nacional sub 11, sub 13, sub 15 y sub 18. En el Campeonato Latinoamericano de tenis de mesa 2019, gan\u00f3 medalla de Oro y de Plata. Su sue\u00f1o es llegar a ser campe\u00f3n ol\u00edmpico y panamericano.<\/p>\n<p>11.- M\u00f3nica Sofia Restrepo (Arquer\u00eda), nacida en Medell\u00edn. Tiene 7a\u00f1os y hace 4 practica su deporte. En 2019, fue la mejor cadete del a\u00f1o en el Primer Nacional de Mayores, donde disput\u00f3 el Bronce con la Campeona Mundial Juvenil de Colombia. Sus entrenadores y compa\u00f1eros la definen como una referente en arqueria a nivel nacional y una gran rival.<\/p>\n<p>12.-\u00a0\u00a0 Carlos Alfonso Atria (Boxeo) tiene 16 a\u00f1os, es de Soplaviento (Bol\u00edvar) y practica su disciplina desde hace 5 a\u00f1os. Ha ganado 8 medallas de Oro en los Juegos Intercolegiados Sup\u00e9rate<\/p>\n<p>13.-\u00a0\u00a0 Alejandra \u00c1lvarez G\u00f3mez (Halterofilia), nacida en Cartagena, tiene 16 a\u00f1os, lleg\u00f3 a los 13 a\u00f1os a su deporte y desde hace un a\u00f1o vive en Bogot\u00e1. Es Campeona Sub 15 y Sub 17, Panamericana y suramericana en 40 kilogramos, y ha ganado Oro en tres torneos nacionales. Es entrenada por la medallista ol\u00edmpica Mar\u00eda Isabel Urrutia.<\/p>\n<p>14.-\u00a0\u00a0 Daira Gisell Lamadrid Pe\u00f1uela (Gimnasia Art\u00edstica), nacida en C\u00facuta, con 14 a\u00f1os de edad, lleva 8 practicando su disciplina. Hace parte de la Selecci\u00f3n Colombia desde los 9 a\u00f1os. Fue Campeona Nacional Juvenil en todas las modalidades de esta deporte y medallista en los Juegos Nacionales 2019. Ha obtenido varios podios a nivel nacional e internacional.<\/p>\n<p>15.-\u00a0\u00a0 Andry Samanta Franco (Lucha), naci\u00f3 en Bogot\u00e1, a sus 15 a\u00f1os lleva 4 practicando este deporte. Ha sido ocho veces Campeona Nacional (Infantil y Cadetes) y tambi\u00e9n Sub Campeona Panamericana 2019 (Infantil).<\/p>\n","protected":false},"excerpt":{"rendered":"<p>BOGOT\u00c1.- La yudoca Yulieth Pajoy Torres y el gimnasta \u00c1ngel Gabriel Barajas hacen parte de los preseleccionados para disputar seis becas deportivas por $ 25 millones cada una, y 9 incentivos por $ 2,0 millones como parte de la iniciativa social \u2018Oster Te Inspira 2020\u2019. El programa premiar\u00e1 a j\u00f3venes talentos del deporte nacional con &hellip;<\/p>\n","protected":false},"author":1,"featured_media":36189,"comment_status":"open","ping_status":"open","sticky":false,"template":"","format":"standard","meta":{"footnotes":""},"categories":[4,28],"tags":[5046,5047],"class_list":["post-36188","post","type-post","status-publish","format-standard","has-post-thumbnail","hentry","category-barra","category-vistazo-deportivo","tag-comite-olimpico-colombiano","tag-oster-te-inspira-2020"],"_links":{"self":[{"href":"https:\/\/contraluzcucuta.co\/index.php?rest_route=\/wp\/v2\/posts\/36188","targetHints":{"allow":["GET"]}}],"collection":[{"href":"https:\/\/contraluzcucuta.co\/index.php?rest_route=\/wp\/v2\/posts"}],"about":[{"href":"https:\/\/contraluzcucuta.co\/index.php?rest_route=\/wp\/v2\/types\/post"}],"author":[{"embeddable":true,"href":"https:\/\/contraluzcucuta.co\/index.php?rest_route=\/wp\/v2\/users\/1"}],"replies":[{"embeddable":true,"href":"https:\/\/contraluzcucuta.co\/index.php?rest_route=%2Fwp%2Fv2%2Fcomments&post=36188"}],"version-history":[{"count":1,"href":"https:\/\/contraluzcucuta.co\/index.php?rest_route=\/wp\/v2\/posts\/36188\/revisions"}],"predecessor-version":[{"id":36190,"href":"https:\/\/contraluzcucuta.co\/index.php?rest_route=\/wp\/v2\/posts\/36188\/revisions\/36190"}],"wp:featuredmedia":[{"embeddable":true,"href":"https:\/\/contraluzcucuta.co\/index.php?rest_route=\/wp\/v2\/media\/36189"}],"wp:attachment":[{"href":"https:\/\/contraluzcucuta.co\/index.php?rest_route=%2Fwp%2Fv2%2Fmedia&parent=36188"}],"wp:term":[{"taxonomy":"category","embeddable":true,"href":"https:\/\/contraluzcucuta.co\/index.php?rest_route=%2Fwp%2Fv2%2Fcategories&post=36188"},{"taxonomy":"post_tag","embeddable":true,"href":"https:\/\/contraluzcucuta.co\/index.php?rest_route=%2Fwp%2Fv2%2Ftags&post=36188"}],"curies":[{"name":"wp","href":"https:\/\/api.w.org\/{rel}","templated":true}]}}