{"id":36184,"date":"2020-08-21T15:21:05","date_gmt":"2020-08-21T20:21:05","guid":{"rendered":"http:\/\/contraluzcucuta.co\/?p=36184"},"modified":"2020-08-21T15:21:05","modified_gmt":"2020-08-21T20:21:05","slug":"llamado-de-fenalco-s-o-s-por-el-desempeno-economico-de-la-ciudad","status":"publish","type":"post","link":"https:\/\/contraluzcucuta.co\/?p=36184","title":{"rendered":"LLAMADO DE FENALCO. S.O.S. por el desempe\u00f1o econ\u00f3mico de la Ciudad"},"content":{"rendered":"<p style=\"padding-left: 40px; text-align: right;\"><span style=\"color: #ff9900;\"><strong>C\u00daCUTA.-<\/strong> Buscar estrategias que propendan por cuidar la salud de los nortesantandereanos y facilitar la recuperaci\u00f3n econ\u00f3mica de la ciudad propuso Fenalco al gobernador Silvano Serrano y al alcalde Jairo Y\u00e1\u00f1ez. La Federaci\u00f3n de comerciantes considera que los constantes toques de queda y las restricciones de los fines de semana llevan a una situaci\u00f3n de angustia, ante el inminente cierre de empresas regionales.<\/span><\/p>\n<p>La posici\u00f3n del gremio seccional est\u00e1 en concordancia con la posici\u00f3n oficial del presidente nacional Jaime Alberto Cabal. A juicio de los directivos, que representa diferentes sectores econ\u00f3micos, la situaci\u00f3n es de extrema gravedad para la econom\u00eda regional y para el empleo.<\/p>\n<p>\u201cA pesar de los esfuerzos que han hecho las empresas invirtiendo recursos importantes en protocolos de bioseguridad, no compensan las limitaciones que por norma tienen los cucute\u00f1os para visitar estos espacios comerciales\u201d, se\u00f1al\u00f3 Fenalco en la carta dirigida a las autoridades civiles del departamento y el municipio.<\/p>\n<p>La Federaci\u00f3n de Comerciantes no se\u00f1ala responsables, ni culpables, de la crisis que afrontan Norte de Santander, en general y C\u00facuta, en particular. Los que busca con el llamado es \u201cdecir como sociedad que creemos que no estamos reaccionando con la velocidad que requiere este deterioro tan pasmoso del sector y tejido empresarial y del empleo\u201d.<\/p>\n<p>La velocidad con la que se cierran empresas y se destruyen empleos formales no es la misma con la de la reacci\u00f3n para evitarlo o por lo menos para mitigar el impacto, a pesar de que la salud es protegida en el comercio regional.<\/p>\n<p>La ciudad tiene, en estos momentos, una tasa de desempleo cercana al 25 %. Esa cifra demanda medidas de choque para bajarla, porque el comercio es uno de los sectores que mayor generaci\u00f3n de puestos de trabajo mantiene, con la participaci\u00f3n del 30 %. Y es el mayor aportante del PIB regional junto con los servicios.<\/p>\n<p>Entre los servicios, el tur\u00edstico es uno de los mayores perdedores en esta pandemia. Tambi\u00e9n, est\u00e1n los que participan en la econom\u00eda naranja. Las cifras son desalentadoras para agosto y septiembre. La construcci\u00f3n, que ven\u00eda recuper\u00e1ndose y llegaba al punto de equilibrio, en este mes, (seg\u00fan la \u00faltima encuesta del gremio), el confinamiento los s\u00e1bados muestra un efecto adverso con el descenso del 40 % en ventas de la meta de recuperaci\u00f3n.<\/p>\n<p>Las reaperturas de junio, decretadas por el Gobierno, en algunas actividades econ\u00f3micas dieron esperanza de una lenta, pero sostenida recuperaci\u00f3n. Los constantes cierres establecidos, los toques de queda, las limitaciones impuestas en los fines de semana han hecho que muchos empresarios vean fallidas esas esperanzas de recuperaci\u00f3n.<\/p>\n<p>Fenalco propone a las autoridades civiles atender las siguientes solicitudes:<\/p>\n<p>1.- Delimitar el confinamiento en aquellas comunas donde se presenta el mayor n\u00famero de contagios. Emprender otras acciones, como tomarse administrativamente esa comuna para intervenirla y adelantar procesos de promoci\u00f3n y control del virus.<\/p>\n<p>2.- Permitir que establecimientos que tienen protocolos aprobados puedan operar los fines de semana en la medida en que muchos establecimientos no tienen garantizado el ciento por ciento plataformas digitales para promover la compra.<\/p>\n<p>3.- Volver al pico y c\u00e9dula par e impar, intermitente.<\/p>\n<p>4.- Iniciar prontamente la reapertura de restaurantes, en la que se mantenga el cumplimiento de la norma del aforo determinado.<\/p>\n<p>5.- Que el toque de queda comience a las 8:00 de la noche.<\/p>\n","protected":false},"excerpt":{"rendered":"<p>C\u00daCUTA.- Buscar estrategias que propendan por cuidar la salud de los nortesantandereanos y facilitar la recuperaci\u00f3n econ\u00f3mica de la ciudad propuso Fenalco al gobernador Silvano Serrano y al alcalde Jairo Y\u00e1\u00f1ez. La Federaci\u00f3n de comerciantes considera que los constantes toques de queda y las restricciones de los fines de semana llevan a una situaci\u00f3n de &hellip;<\/p>\n","protected":false},"author":1,"featured_media":36185,"comment_status":"open","ping_status":"open","sticky":false,"template":"","format":"standard","meta":{"footnotes":""},"categories":[45,4],"tags":[4776,1295,1526,4748],"class_list":["post-36184","post","type-post","status-publish","format-standard","has-post-thumbnail","hentry","category-destacado","category-barra","tag-alcalde-jairo-yanez","tag-comercio-cucuteno","tag-fenalco-norte-de-santander","tag-gobernador-silvano-serrano"],"_links":{"self":[{"href":"https:\/\/contraluzcucuta.co\/index.php?rest_route=\/wp\/v2\/posts\/36184","targetHints":{"allow":["GET"]}}],"collection":[{"href":"https:\/\/contraluzcucuta.co\/index.php?rest_route=\/wp\/v2\/posts"}],"about":[{"href":"https:\/\/contraluzcucuta.co\/index.php?rest_route=\/wp\/v2\/types\/post"}],"author":[{"embeddable":true,"href":"https:\/\/contraluzcucuta.co\/index.php?rest_route=\/wp\/v2\/users\/1"}],"replies":[{"embeddable":true,"href":"https:\/\/contraluzcucuta.co\/index.php?rest_route=%2Fwp%2Fv2%2Fcomments&post=36184"}],"version-history":[{"count":1,"href":"https:\/\/contraluzcucuta.co\/index.php?rest_route=\/wp\/v2\/posts\/36184\/revisions"}],"predecessor-version":[{"id":36186,"href":"https:\/\/contraluzcucuta.co\/index.php?rest_route=\/wp\/v2\/posts\/36184\/revisions\/36186"}],"wp:featuredmedia":[{"embeddable":true,"href":"https:\/\/contraluzcucuta.co\/index.php?rest_route=\/wp\/v2\/media\/36185"}],"wp:attachment":[{"href":"https:\/\/contraluzcucuta.co\/index.php?rest_route=%2Fwp%2Fv2%2Fmedia&parent=36184"}],"wp:term":[{"taxonomy":"category","embeddable":true,"href":"https:\/\/contraluzcucuta.co\/index.php?rest_route=%2Fwp%2Fv2%2Fcategories&post=36184"},{"taxonomy":"post_tag","embeddable":true,"href":"https:\/\/contraluzcucuta.co\/index.php?rest_route=%2Fwp%2Fv2%2Ftags&post=36184"}],"curies":[{"name":"wp","href":"https:\/\/api.w.org\/{rel}","templated":true}]}}