{"id":36181,"date":"2020-08-21T11:26:28","date_gmt":"2020-08-21T16:26:28","guid":{"rendered":"http:\/\/contraluzcucuta.co\/?p=36181"},"modified":"2020-08-21T11:26:28","modified_gmt":"2020-08-21T16:26:28","slug":"migracion-colombia-suspendido-traslado-de-venezolanos-a-la-zona-de-frontera","status":"publish","type":"post","link":"https:\/\/contraluzcucuta.co\/?p=36181","title":{"rendered":"MIGRACI\u00d3N COLOMBIA. Suspendido traslado de venezolanos a la zona de frontera"},"content":{"rendered":"<p style=\"padding-left: 40px; text-align: right;\"><span style=\"color: #ff9900;\"><strong>C\u00daCUTA.-<\/strong> \u00a0Migraci\u00f3n Colombia ha tomado la decisi\u00f3n de suspender el traslado de venezolanos, desde el interior del pa\u00eds, hacia Norte de Santander. El fin es evitar embotellamientos y posibles emergencias sanitarias en la regi\u00f3n.<\/span><\/p>\n<p>La medida se anunci\u00f3 luego de que desde Caracas se comunicara que, a partir del 21 de agosto, quedaba prohibido el ingreso a Venezuela por el puente internacional Sim\u00f3n Bol\u00edvar. La informaci\u00f3n la entregaron autoridades migratorias venezolanas en las \u00faltimas horas.<\/p>\n<p>El cierre del paso fronterizo obedece al alto n\u00famero de venezolanos que permanecen en el estado del T\u00e1chira en cumplimiento de las restricciones de aislamiento.<\/p>\n<p>&#8220;Nos preocupa la integridad y la salud de todas las personas que se encuentran en zona de frontera\u201d, dijo el director general de Migraci\u00f3n Colombia, Juan Francisco Espinosa. Esa es la raz\u00f3n fundamental para la suspensi\u00f3n del tr\u00e1nsito de venezolanos hacia Norte de Santander.<\/p>\n<p>Migraci\u00f3n Colombia organizar\u00e1, junto con alcald\u00edas y gobernaciones, el nuevo cronograma de traslados en atenci\u00f3n a la situaci\u00f3n que se vive en el vecino pa\u00eds.<\/p>\n<p>\u201cHacemos un llamado a la poblaci\u00f3n venezolana para que evite desplazarse en este momento. Este no es momento para movilizarse, es momento para cuidarnos unos a otros&#8221;, afirm\u00f3 Espinosa Palacios.<\/p>\n<p>Desde el cierre de la frontera, el 14 de marzo, cerca de 100.000 venezolanos han retornado de manera voluntaria al pa\u00eds y cerca de 40.000 est\u00e1n a la espera de hacerlo.<\/p>\n<p>&nbsp;<\/p>\n","protected":false},"excerpt":{"rendered":"<p>C\u00daCUTA.- \u00a0Migraci\u00f3n Colombia ha tomado la decisi\u00f3n de suspender el traslado de venezolanos, desde el interior del pa\u00eds, hacia Norte de Santander. El fin es evitar embotellamientos y posibles emergencias sanitarias en la regi\u00f3n. La medida se anunci\u00f3 luego de que desde Caracas se comunicara que, a partir del 21 de agosto, quedaba prohibido el &hellip;<\/p>\n","protected":false},"author":1,"featured_media":36182,"comment_status":"open","ping_status":"open","sticky":false,"template":"","format":"standard","meta":{"footnotes":""},"categories":[1326,4],"tags":[3187,3108,4013],"class_list":["post-36181","post","type-post","status-publish","format-standard","has-post-thumbnail","hentry","category-crisis-en-venezuela-2","category-barra","tag-migracion-colombia","tag-migrantes-en-la-frontera","tag-migrantes-venezolanos"],"_links":{"self":[{"href":"https:\/\/contraluzcucuta.co\/index.php?rest_route=\/wp\/v2\/posts\/36181","targetHints":{"allow":["GET"]}}],"collection":[{"href":"https:\/\/contraluzcucuta.co\/index.php?rest_route=\/wp\/v2\/posts"}],"about":[{"href":"https:\/\/contraluzcucuta.co\/index.php?rest_route=\/wp\/v2\/types\/post"}],"author":[{"embeddable":true,"href":"https:\/\/contraluzcucuta.co\/index.php?rest_route=\/wp\/v2\/users\/1"}],"replies":[{"embeddable":true,"href":"https:\/\/contraluzcucuta.co\/index.php?rest_route=%2Fwp%2Fv2%2Fcomments&post=36181"}],"version-history":[{"count":1,"href":"https:\/\/contraluzcucuta.co\/index.php?rest_route=\/wp\/v2\/posts\/36181\/revisions"}],"predecessor-version":[{"id":36183,"href":"https:\/\/contraluzcucuta.co\/index.php?rest_route=\/wp\/v2\/posts\/36181\/revisions\/36183"}],"wp:featuredmedia":[{"embeddable":true,"href":"https:\/\/contraluzcucuta.co\/index.php?rest_route=\/wp\/v2\/media\/36182"}],"wp:attachment":[{"href":"https:\/\/contraluzcucuta.co\/index.php?rest_route=%2Fwp%2Fv2%2Fmedia&parent=36181"}],"wp:term":[{"taxonomy":"category","embeddable":true,"href":"https:\/\/contraluzcucuta.co\/index.php?rest_route=%2Fwp%2Fv2%2Fcategories&post=36181"},{"taxonomy":"post_tag","embeddable":true,"href":"https:\/\/contraluzcucuta.co\/index.php?rest_route=%2Fwp%2Fv2%2Ftags&post=36181"}],"curies":[{"name":"wp","href":"https:\/\/api.w.org\/{rel}","templated":true}]}}