{"id":36177,"date":"2020-08-21T10:37:57","date_gmt":"2020-08-21T15:37:57","guid":{"rendered":"http:\/\/contraluzcucuta.co\/?p=36177"},"modified":"2020-08-21T10:37:57","modified_gmt":"2020-08-21T15:37:57","slug":"fortalecimiento-comunitario-la-apuesta-por-el-desarrollo-social-y-productivo-de-el-catatumbo","status":"publish","type":"post","link":"https:\/\/contraluzcucuta.co\/?p=36177","title":{"rendered":"FORTALECIMIENTO COMUNITARIO. La apuesta por el desarrollo social y productivo de El Catatumbo"},"content":{"rendered":"<p style=\"padding-left: 40px; text-align: right;\"><span style=\"color: #ff9900;\"><strong>C\u00daCUTA.-<\/strong> Jaime*, adelanta el proceso de reincorporaci\u00f3n desde el 2017. Hace parte del grupo que lidera, junto con otros firmantes de la paz y habitantes de la comunidad, el Modelo de Fortalecimiento Comunitario en el corregimiento San Pablo (Teorama)<\/span><\/p>\n<p>Como parte del proceso y a la luz de las necesidades del territorio, aunaron esfuerzos para avanzar en la adecuaci\u00f3n y la dotaci\u00f3n de la biblioteca comunitaria que administrar\u00e1 la Junta de Acci\u00f3n Comunal.<\/p>\n<p>\u201cQueremos que este espacio se consolide como un lugar de formaci\u00f3n para ni\u00f1os, j\u00f3venes y adultos\u201d, dijo Jaime. \u201cHa sido una experiencia bonita, porque escogimos, adem\u00e1s, crear la escuela de f\u00fatbol buscando nuevas oportunidades para el uso del tiempo libre. Estamos animados y esperamos seguir avanzando en los prop\u00f3sitos\u201d, coment\u00f3.<\/p>\n<p>Tambi\u00e9n, se llevar\u00e1 a cabo el proceso de formaci\u00f3n para el trabajo, con el fin de fortalecer las capacidades productivas de mujeres integrantes de organizaciones de Teorama.<\/p>\n<p>Luis Armando Carre\u00f1o O\u00f1ate, coordinador de la ARN en Norte de Santander, explic\u00f3 que el trabajo con las comunidades contin\u00faa, a pesar de la emergencia sanitaria, y se cumplen las medidas de bioseguridad y la normativa de las autoridades locales.<\/p>\n<p>\u201cAvanzamos en los procesos comunitarios focalizados en cada municipio, con la instalaci\u00f3n del comit\u00e9 de impulso y la jornada de formaci\u00f3n ciudadana, en la que se abordan temas de derechos, deberes, y estructura y funcionamiento del Estado colombiano\u201d, manifest\u00f3.<\/p>\n<p>En Tib\u00fa, El Tarra y Teorama se busca promover la participaci\u00f3n y el empoderamiento de las comunidades desde el 2019. De esa manera ser\u00e1n los participantes quienes liderar\u00e1n la implementaci\u00f3n y la sostenibilidad de los proyectos.<\/p>\n<p>En el antiguo ETCR Ca\u00f1o Indio, en Tib\u00fa, se trabaja en el proyecto \u2018Forjando lazos de reconciliaci\u00f3n y paz hacia el progreso del N\u00facleo Veredal Ca\u00f1o Indio\u2019. El objetivo es la construcci\u00f3n de caminos comunitarios, mediante el uso de placa huella, que favorezcan el acceso al territorio y la comercializaci\u00f3n de los productos. El proyecto beneficiar\u00e1 a 2078 habitantes de la zona.<\/p>\n<p>En El Tarra, el proyecto comunitario se enfoca en el fortalecimiento de la Casa de la Cultura y el desarrollo del proyecto audiovisual que permita avanzar hacia la transformaci\u00f3n de los imaginarios que hist\u00f3ricamente han asociado al municipio al conflicto y la violencia.<\/p>\n<p>Estos espacios han permitido la interacci\u00f3n de excombatientes y comunidad, por medio de la formaci\u00f3n y la educaci\u00f3n en construcci\u00f3n de paz, teniendo como referente la identidad cultural.<\/p>\n<p>Desde el 2007, la ARN ha liderado la implementaci\u00f3n de modelos de fortalecimiento comunitario, ha efectuado 161 intervenciones, en 122 municipios del pa\u00eds.<\/p>\n<p>(*) Por solicitud de la fuente, se cambi\u00f3 el nombre de la persona en proceso de reincorporaci\u00f3n.<\/p>\n","protected":false},"excerpt":{"rendered":"<p>C\u00daCUTA.- Jaime*, adelanta el proceso de reincorporaci\u00f3n desde el 2017. Hace parte del grupo que lidera, junto con otros firmantes de la paz y habitantes de la comunidad, el Modelo de Fortalecimiento Comunitario en el corregimiento San Pablo (Teorama) Como parte del proceso y a la luz de las necesidades del territorio, aunaron esfuerzos para &hellip;<\/p>\n","protected":false},"author":1,"featured_media":36178,"comment_status":"open","ping_status":"open","sticky":false,"template":"","format":"standard","meta":{"footnotes":""},"categories":[4,36],"tags":[4569,246,671,717,279],"class_list":["post-36177","post","type-post","status-publish","format-standard","has-post-thumbnail","hentry","category-barra","category-la-voz-del-pueblo","tag-arn","tag-el-catatumbo","tag-el-tarra","tag-teorama","tag-tibu"],"_links":{"self":[{"href":"https:\/\/contraluzcucuta.co\/index.php?rest_route=\/wp\/v2\/posts\/36177","targetHints":{"allow":["GET"]}}],"collection":[{"href":"https:\/\/contraluzcucuta.co\/index.php?rest_route=\/wp\/v2\/posts"}],"about":[{"href":"https:\/\/contraluzcucuta.co\/index.php?rest_route=\/wp\/v2\/types\/post"}],"author":[{"embeddable":true,"href":"https:\/\/contraluzcucuta.co\/index.php?rest_route=\/wp\/v2\/users\/1"}],"replies":[{"embeddable":true,"href":"https:\/\/contraluzcucuta.co\/index.php?rest_route=%2Fwp%2Fv2%2Fcomments&post=36177"}],"version-history":[{"count":1,"href":"https:\/\/contraluzcucuta.co\/index.php?rest_route=\/wp\/v2\/posts\/36177\/revisions"}],"predecessor-version":[{"id":36179,"href":"https:\/\/contraluzcucuta.co\/index.php?rest_route=\/wp\/v2\/posts\/36177\/revisions\/36179"}],"wp:featuredmedia":[{"embeddable":true,"href":"https:\/\/contraluzcucuta.co\/index.php?rest_route=\/wp\/v2\/media\/36178"}],"wp:attachment":[{"href":"https:\/\/contraluzcucuta.co\/index.php?rest_route=%2Fwp%2Fv2%2Fmedia&parent=36177"}],"wp:term":[{"taxonomy":"category","embeddable":true,"href":"https:\/\/contraluzcucuta.co\/index.php?rest_route=%2Fwp%2Fv2%2Fcategories&post=36177"},{"taxonomy":"post_tag","embeddable":true,"href":"https:\/\/contraluzcucuta.co\/index.php?rest_route=%2Fwp%2Fv2%2Ftags&post=36177"}],"curies":[{"name":"wp","href":"https:\/\/api.w.org\/{rel}","templated":true}]}}