{"id":36170,"date":"2020-08-20T16:54:27","date_gmt":"2020-08-20T21:54:27","guid":{"rendered":"http:\/\/contraluzcucuta.co\/?p=36170"},"modified":"2020-08-20T16:54:27","modified_gmt":"2020-08-20T21:54:27","slug":"fondo-adaptacion-garantizado-acompanamiento-a-gramaloteros-durante-traslado-al-casco-urbano","status":"publish","type":"post","link":"https:\/\/contraluzcucuta.co\/?p=36170","title":{"rendered":"FONDO ADAPTACI\u00d3N. Garantizado acompa\u00f1amiento a gramaloteros durante traslado al casco urbano"},"content":{"rendered":"<p style=\"padding-left: 40px; text-align: right;\"><span style=\"color: #ff9900;\"><strong>BOGOT\u00c1.-<\/strong>\u00a0 El Fondo Adaptaci\u00f3n inform\u00f3 a los habitantes de Gramalote que entr\u00f3 en funcionamiento la oficina de atenci\u00f3n a la comunidad, en desarrollo del plan de reasentamiento que adelanta la Entidad.<\/span><\/p>\n<p>El gerente del Fondo, Edgar Ortiz Pab\u00f3n, dijo que con la apertura de la oficina se garantiza el acompa\u00f1amiento social a las familias durante las fases de traslado y postraslado al casco urbano.<\/p>\n<p>El proceso est\u00e1 a cargo de la Corporaci\u00f3n para la Investigaci\u00f3n, el Desarrollo Sostenible y la Promoci\u00f3n Social (Corprogreso).<\/p>\n<p>Cumpliendo con los protocolos de bioseguridad, la oficina presta atenci\u00f3n a la comunidad, principalmente de manera virtual. La atenci\u00f3n personalizada se adelanta, \u00fanicamente, con cita previa.<\/p>\n<p>La sede de la oficina de atenci\u00f3n a la comunidad est\u00e1 en la Manzana 3 Casa 6, frente al Parque Principal.<\/p>\n<p>\u201cCon la apertura de esta oficina continuamos\u00a0 avanzado en un proceso integral que contempla la entrega de infraestructura resiliente y\u00a0 el\u00a0 acompa\u00f1amiento social permanente para impulsar el desarrollo social y econ\u00f3mico de la regi\u00f3n\u201d, puntualiz\u00f3 el gerente del Fondo Adaptaci\u00f3n.<\/p>\n<p>Las obras entregadas por el Fondo Adaptaci\u00f3n en Gramalote superan los $ 290.000 millones, benefician a m\u00e1s de 86.000 gramaloteros y est\u00e1n representadas en 290 viviendas, las fases 1 y 2 de las obras de urbanismo, el colegio Sagrado Coraz\u00f3n de Jes\u00fas,\u00a0 la estaci\u00f3n de polic\u00eda y la plaza de mercado.<\/p>\n","protected":false},"excerpt":{"rendered":"<p>BOGOT\u00c1.-\u00a0 El Fondo Adaptaci\u00f3n inform\u00f3 a los habitantes de Gramalote que entr\u00f3 en funcionamiento la oficina de atenci\u00f3n a la comunidad, en desarrollo del plan de reasentamiento que adelanta la Entidad. El gerente del Fondo, Edgar Ortiz Pab\u00f3n, dijo que con la apertura de la oficina se garantiza el acompa\u00f1amiento social a las familias durante &hellip;<\/p>\n","protected":false},"author":1,"featured_media":36171,"comment_status":"open","ping_status":"open","sticky":false,"template":"","format":"standard","meta":{"footnotes":""},"categories":[4,32],"tags":[5045,1248,153],"class_list":["post-36170","post","type-post","status-publish","format-standard","has-post-thumbnail","hentry","category-barra","category-recorrido-por-la-region","tag-corprogreso","tag-fondo-adaptacion","tag-nuevo-gramalote"],"_links":{"self":[{"href":"https:\/\/contraluzcucuta.co\/index.php?rest_route=\/wp\/v2\/posts\/36170","targetHints":{"allow":["GET"]}}],"collection":[{"href":"https:\/\/contraluzcucuta.co\/index.php?rest_route=\/wp\/v2\/posts"}],"about":[{"href":"https:\/\/contraluzcucuta.co\/index.php?rest_route=\/wp\/v2\/types\/post"}],"author":[{"embeddable":true,"href":"https:\/\/contraluzcucuta.co\/index.php?rest_route=\/wp\/v2\/users\/1"}],"replies":[{"embeddable":true,"href":"https:\/\/contraluzcucuta.co\/index.php?rest_route=%2Fwp%2Fv2%2Fcomments&post=36170"}],"version-history":[{"count":1,"href":"https:\/\/contraluzcucuta.co\/index.php?rest_route=\/wp\/v2\/posts\/36170\/revisions"}],"predecessor-version":[{"id":36172,"href":"https:\/\/contraluzcucuta.co\/index.php?rest_route=\/wp\/v2\/posts\/36170\/revisions\/36172"}],"wp:featuredmedia":[{"embeddable":true,"href":"https:\/\/contraluzcucuta.co\/index.php?rest_route=\/wp\/v2\/media\/36171"}],"wp:attachment":[{"href":"https:\/\/contraluzcucuta.co\/index.php?rest_route=%2Fwp%2Fv2%2Fmedia&parent=36170"}],"wp:term":[{"taxonomy":"category","embeddable":true,"href":"https:\/\/contraluzcucuta.co\/index.php?rest_route=%2Fwp%2Fv2%2Fcategories&post=36170"},{"taxonomy":"post_tag","embeddable":true,"href":"https:\/\/contraluzcucuta.co\/index.php?rest_route=%2Fwp%2Fv2%2Ftags&post=36170"}],"curies":[{"name":"wp","href":"https:\/\/api.w.org\/{rel}","templated":true}]}}