{"id":36167,"date":"2020-08-20T16:12:40","date_gmt":"2020-08-20T21:12:40","guid":{"rendered":"http:\/\/contraluzcucuta.co\/?p=36167"},"modified":"2020-08-20T16:12:40","modified_gmt":"2020-08-20T21:12:40","slug":"defensoria-del-pueblo-secuestrado-hermes-garcia-exalcalde-de-convencion","status":"publish","type":"post","link":"https:\/\/contraluzcucuta.co\/?p=36167","title":{"rendered":"DEFENSOR\u00cdA DEL PUEBLO. Secuestrado Hermes Garc\u00eda, exalcalde de Convenci\u00f3n"},"content":{"rendered":"<p style=\"padding-left: 40px; text-align: right;\"><span style=\"color: #ff9900;\"><strong>CONVENCI\u00d3N \u2013 Norte de Santander.-<\/strong> El exalcalde Hermes Alfonso Garc\u00eda fue secuestrado el 19 de agosto. Hombres armados llegaron al corregimiento Guamal y se lo llevaron a la fuerza.<\/span><\/p>\n<p>De acuerdo con informaci\u00f3n de medios de comunicaci\u00f3n locales, el veh\u00edculo en el que se transportaba el exalcalde fue abandonado en una v\u00eda del corregimiento Guamal.<\/p>\n<p>El secuestro de Hermes Garc\u00eda fue confirmado por la Defensor\u00eda del Pueblo, que rechaz\u00f3 el hecho en las redes sociales. \u201cNos solidarizamos con su familia y ponemos a disposici\u00f3n todas nuestras capacidades para mediar en su liberaci\u00f3n&#8221;, escribi\u00f3 la Defensor\u00eda del Pueblo en la cuenta de Twitter.<\/p>\n<p>Seg\u00fan un comunicado de la junta de acci\u00f3n comunal de la vereda La Vega, Garc\u00eda se hab\u00eda desplazado hasta el lugar para verificar el avance de una obra. Luego de dar algunas recomendaciones se retir\u00f3 para regresar al hogar en Convenci\u00f3n. Sin embargo, nunca lleg\u00f3 a la vivienda.<\/p>\n<p>&#8220;El ingeniero se movilizaba en la camioneta Tucson, de placas KGX 030, cuando en la v\u00eda entre la vereda La Vega y el municipio de Convenci\u00f3n fue interceptado por hombres armados oblig\u00e1ndolo a orillar su veh\u00edculo y descender del mismo, llev\u00e1ndoselo con rumbo desconocido&#8221;, dice el documento emitido por la JAC.<\/p>\n<p>Hasta el momento se desconoce qui\u00e9nes son los responsables del secuestro. Se presume que ser\u00eda el Eln que tiene injerencia en esa zona del pa\u00eds.<\/p>\n","protected":false},"excerpt":{"rendered":"<p>CONVENCI\u00d3N \u2013 Norte de Santander.- El exalcalde Hermes Alfonso Garc\u00eda fue secuestrado el 19 de agosto. Hombres armados llegaron al corregimiento Guamal y se lo llevaron a la fuerza. De acuerdo con informaci\u00f3n de medios de comunicaci\u00f3n locales, el veh\u00edculo en el que se transportaba el exalcalde fue abandonado en una v\u00eda del corregimiento Guamal. &hellip;<\/p>\n","protected":false},"author":1,"featured_media":36168,"comment_status":"open","ping_status":"open","sticky":false,"template":"","format":"standard","meta":{"footnotes":""},"categories":[11,4],"tags":[2375,5044,5043],"class_list":["post-36167","post","type-post","status-publish","format-standard","has-post-thumbnail","hentry","category-cronica-roja","category-barra","tag-defensoria-del-pueblo","tag-exalcalde-de-convencion","tag-hermes-alfonso-garcia"],"_links":{"self":[{"href":"https:\/\/contraluzcucuta.co\/index.php?rest_route=\/wp\/v2\/posts\/36167","targetHints":{"allow":["GET"]}}],"collection":[{"href":"https:\/\/contraluzcucuta.co\/index.php?rest_route=\/wp\/v2\/posts"}],"about":[{"href":"https:\/\/contraluzcucuta.co\/index.php?rest_route=\/wp\/v2\/types\/post"}],"author":[{"embeddable":true,"href":"https:\/\/contraluzcucuta.co\/index.php?rest_route=\/wp\/v2\/users\/1"}],"replies":[{"embeddable":true,"href":"https:\/\/contraluzcucuta.co\/index.php?rest_route=%2Fwp%2Fv2%2Fcomments&post=36167"}],"version-history":[{"count":1,"href":"https:\/\/contraluzcucuta.co\/index.php?rest_route=\/wp\/v2\/posts\/36167\/revisions"}],"predecessor-version":[{"id":36169,"href":"https:\/\/contraluzcucuta.co\/index.php?rest_route=\/wp\/v2\/posts\/36167\/revisions\/36169"}],"wp:featuredmedia":[{"embeddable":true,"href":"https:\/\/contraluzcucuta.co\/index.php?rest_route=\/wp\/v2\/media\/36168"}],"wp:attachment":[{"href":"https:\/\/contraluzcucuta.co\/index.php?rest_route=%2Fwp%2Fv2%2Fmedia&parent=36167"}],"wp:term":[{"taxonomy":"category","embeddable":true,"href":"https:\/\/contraluzcucuta.co\/index.php?rest_route=%2Fwp%2Fv2%2Fcategories&post=36167"},{"taxonomy":"post_tag","embeddable":true,"href":"https:\/\/contraluzcucuta.co\/index.php?rest_route=%2Fwp%2Fv2%2Ftags&post=36167"}],"curies":[{"name":"wp","href":"https:\/\/api.w.org\/{rel}","templated":true}]}}