{"id":36150,"date":"2020-08-11T22:32:13","date_gmt":"2020-08-12T03:32:13","guid":{"rendered":"http:\/\/contraluzcucuta.co\/?p=36150"},"modified":"2020-08-11T22:32:13","modified_gmt":"2020-08-12T03:32:13","slug":"el-cinco-a-las-cinco-nos-preocupa-que-la-camara-de-comercio-se-encuentre-sin-rumbo","status":"publish","type":"post","link":"https:\/\/contraluzcucuta.co\/?p=36150","title":{"rendered":"EL CINCO A LAS CINCO. \u201cNos preocupa que la C\u00e1mara de Comercio se encuentre sin rumbo\u201d"},"content":{"rendered":"<p style=\"padding-left: 40px; text-align: right;\"><span style=\"color: #ff9900;\"><strong>C\u00daCUTA.-<\/strong> \u201cNos preocupa y duele que en medio de la pandemia causada por el COVID-19, el principal \u00f3rgano rector del sector empresarial y productivo, se encuentre sin rumbo de direcci\u00f3n y ejecuci\u00f3n de las pol\u00edticas y proyectos de reactivaci\u00f3n econ\u00f3mica del sector privado\u201d.<\/span><\/p>\n<p>La afirmaci\u00f3n corresponde al Comit\u00e9 de Reactivaci\u00f3n Econ\u00f3mica y Social de la Regi\u00f3n (CRESR), de la Fundaci\u00f3n Cultural El Cinco a las Cinco. Record\u00f3 la creaci\u00f3n, hace 105 a\u00f1os, de la C\u00e1mara; el objetivo y a misi\u00f3n.<\/p>\n<p>\u201cEs inconcebible que una entidad creada y fundada por nuestros antepasados que contribuy\u00f3 a superar una tragedia como el terremoto de 1875, hoy, m\u00e1s de un siglo despu\u00e9s, se encuentre ac\u00e9fala en medio de esc\u00e1ndalos y acusaciones mutuas entre sus directivos\u201d, afirm\u00f3 el CRESR.<\/p>\n<p>Insisti\u00f3 en que la tarea de la entidad debe estar enfocada a buscar y contribuir a dar soluciones a los problemas sociales y econ\u00f3micos que aquejan a la capital de Norte de Santander y a jalonar a los sectores privado y p\u00fablico en procura de un mejor futuro para los habitantes.<\/p>\n<p>\u201cNos preocupa y duele que en medio de la pandemia causada por el COVID-19, el principal \u00f3rgano rector del sector empresarial y productivo, se encuentre sin rumbo de direcci\u00f3n y ejecuci\u00f3n de las pol\u00edticas y proyectos de reactivaci\u00f3n econ\u00f3mica del sector privado\u201d, agreg\u00f3 el Comit\u00e9, filial de la Fundaci\u00f3n El Cinc a las Cinco.<\/p>\n<p>Llam\u00f3 a los directivos a deponer las diferencias y a dejar que los \u00f3rganos de fiscalizaci\u00f3n act\u00faen y sancionen las actuaciones denunciadas. \u201cUrgimos al Gobierno para que, a trav\u00e9s de sus \u00f3rganos de fiscalizaci\u00f3n y control, intervengan pronto, a la mayor brevedad, y devuelvan al comercio e industria de la ciudad su C\u00e1mara de Comercio de C\u00facuta, tan necesaria en esta \u00e9poca de incertidumbre por el futuro de nuestra ciudad y regi\u00f3n\u201d.<\/p>\n<p>La C\u00e1mara de Comercio de C\u00facuta, creada el 18 de mayo de 1915, mediante el Decreto 1807, busca, \u201dservir de \u00f3rgano oficial del comercio con el gobierno, de cuerpo consultivo\u201d, y entre las tareas tiene las de \u201cacordar las medidas que crea conveniente en servicio de la industria y del comercio\u201d. Adem\u00e1s, prestar el servicio de registro mercantil.<\/p>\n<p>\u201cPor ese recinto se iniciaron o pasaron las iniciativas o proyectos que contribuyeron al progreso y desarrollo de la regi\u00f3n y la incrustaron en el siglo XX, en la modernidad\u201d, concluye la comunicaci\u00f3n del Comit\u00e9 de Reactivaci\u00f3n Econ\u00f3mica y Social de la Regi\u00f3n (CRESR), de la Fundaci\u00f3n Cultural El Cinco a las Cinco.<\/p>\n","protected":false},"excerpt":{"rendered":"<p>C\u00daCUTA.- \u201cNos preocupa y duele que en medio de la pandemia causada por el COVID-19, el principal \u00f3rgano rector del sector empresarial y productivo, se encuentre sin rumbo de direcci\u00f3n y ejecuci\u00f3n de las pol\u00edticas y proyectos de reactivaci\u00f3n econ\u00f3mica del sector privado\u201d. La afirmaci\u00f3n corresponde al Comit\u00e9 de Reactivaci\u00f3n Econ\u00f3mica y Social de la &hellip;<\/p>\n","protected":false},"author":1,"featured_media":36151,"comment_status":"open","ping_status":"open","sticky":false,"template":"","format":"standard","meta":{"footnotes":""},"categories":[45,4],"tags":[375,1275],"class_list":["post-36150","post","type-post","status-publish","format-standard","has-post-thumbnail","hentry","category-destacado","category-barra","tag-camara-de-comercio-de-cucuta","tag-el-cinco-a-las-cinco"],"_links":{"self":[{"href":"https:\/\/contraluzcucuta.co\/index.php?rest_route=\/wp\/v2\/posts\/36150","targetHints":{"allow":["GET"]}}],"collection":[{"href":"https:\/\/contraluzcucuta.co\/index.php?rest_route=\/wp\/v2\/posts"}],"about":[{"href":"https:\/\/contraluzcucuta.co\/index.php?rest_route=\/wp\/v2\/types\/post"}],"author":[{"embeddable":true,"href":"https:\/\/contraluzcucuta.co\/index.php?rest_route=\/wp\/v2\/users\/1"}],"replies":[{"embeddable":true,"href":"https:\/\/contraluzcucuta.co\/index.php?rest_route=%2Fwp%2Fv2%2Fcomments&post=36150"}],"version-history":[{"count":1,"href":"https:\/\/contraluzcucuta.co\/index.php?rest_route=\/wp\/v2\/posts\/36150\/revisions"}],"predecessor-version":[{"id":36152,"href":"https:\/\/contraluzcucuta.co\/index.php?rest_route=\/wp\/v2\/posts\/36150\/revisions\/36152"}],"wp:featuredmedia":[{"embeddable":true,"href":"https:\/\/contraluzcucuta.co\/index.php?rest_route=\/wp\/v2\/media\/36151"}],"wp:attachment":[{"href":"https:\/\/contraluzcucuta.co\/index.php?rest_route=%2Fwp%2Fv2%2Fmedia&parent=36150"}],"wp:term":[{"taxonomy":"category","embeddable":true,"href":"https:\/\/contraluzcucuta.co\/index.php?rest_route=%2Fwp%2Fv2%2Fcategories&post=36150"},{"taxonomy":"post_tag","embeddable":true,"href":"https:\/\/contraluzcucuta.co\/index.php?rest_route=%2Fwp%2Fv2%2Ftags&post=36150"}],"curies":[{"name":"wp","href":"https:\/\/api.w.org\/{rel}","templated":true}]}}