{"id":36144,"date":"2020-08-11T11:00:00","date_gmt":"2020-08-11T16:00:00","guid":{"rendered":"http:\/\/contraluzcucuta.co\/?p=36144"},"modified":"2020-08-11T11:00:00","modified_gmt":"2020-08-11T16:00:00","slug":"fiesta-del-libro-virtual-resiliencia-un-paso-adelante-con-la-cultura","status":"publish","type":"post","link":"https:\/\/contraluzcucuta.co\/?p=36144","title":{"rendered":"FIESTA DEL LIBRO VIRTUAL. &#8216;Resiliencia, un paso adelante con la cultura&#8217;"},"content":{"rendered":"<p style=\"padding-left: 40px; text-align: right;\"><span style=\"color: #ff9900;\"><strong>C\u00daCUTA.-<\/strong> Comienza la cuenta regresiva para dar comienzo a La Fiesta del Libro de C\u00facuta Virtual. El evento cultural, acad\u00e9mico y literario es organizado por la Corporaci\u00f3n Cultural Biblioteca P\u00fablica Julio P\u00e9rez Ferrero. Se desarrollar\u00e1 del 31 de agosto al 5 de septiembre y tendr\u00e1 como la tem\u00e1tica la \u2018Resiliencia, un paso adelante con la cultura\u2019.<\/span><\/p>\n<p>La Fiesta llegar\u00e1 a los hogares de los nortesantandereanos con programaci\u00f3n para todo tipo de p\u00fablico. Los asistentes podr\u00e1n disfrutar conversatorios, presentaciones de libros, talleres, poes\u00eda, conferencias, cineclub, m\u00fasica, arte y cultura. La plataforma virtual permitir\u00e1 al usuario encontrar la programaci\u00f3n y los aliados y los patrocinadores.<\/p>\n<p>El Sal\u00f3n de la Memoria y la Verdad ser\u00e1 el espacio para escuchar, reconocer y comprender los hechos que son memoria en el departamento. Invita a explorar caminos creativos para trasformar imaginarios, lenguajes y pr\u00e1cticas que legitiman o reproducen las violencias asociadas con el conflicto armado.<\/p>\n<p>La programaci\u00f3n estar\u00e1 nutrida con personalidades regionales, nacionales e internacionales para promover y visibilizar la literatura, el arte, la academia y la cultura desde diferentes franjas. Entre los invitados destacan:<\/p>\n<p>1.- Ricardo Silva Romero. Escritor, periodista, guionista y cr\u00edtico de cine colombiano. Presentar\u00e1 el libro \u2018R\u00edo muerto\u2019.<\/p>\n<p>2.- Santiago Gamboa. Periodista, escritor y fil\u00f3sofo. Presentar\u00e1 la obra \u2018Ser\u00e1 larga la noche\u2019.<\/p>\n<p>3.- Conversatorio \u2018El mundo visto y narrado por mujeres\u2019, con Mar\u00eda del Mar Ram\u00f3n, Ita Mar\u00eda, Andonella Ilustraci\u00f3n, Mar\u00eda Fernanda Ampuero, Luciana Peker, Tamara de Anda, Catalina Ru\u00edz Navarro y Mari\u00e1ngela Urbina.<\/p>\n<p>4.- Encuentro Internacional de Venezuela en el Exilio. Segunda versi\u00f3n, la participaci\u00f3n de Carla Angola y Maibort Petit, periodistas de trayectoria. Las acompa\u00f1ar\u00e1n venezolanos que destacan en el exterior para construir un di\u00e1logo sobre experiencias, realidades y procesos de resiliencia, alrededor del arte, la academia, la cultura y la literatura.<\/p>\n","protected":false},"excerpt":{"rendered":"<p>C\u00daCUTA.- Comienza la cuenta regresiva para dar comienzo a La Fiesta del Libro de C\u00facuta Virtual. El evento cultural, acad\u00e9mico y literario es organizado por la Corporaci\u00f3n Cultural Biblioteca P\u00fablica Julio P\u00e9rez Ferrero. Se desarrollar\u00e1 del 31 de agosto al 5 de septiembre y tendr\u00e1 como la tem\u00e1tica la \u2018Resiliencia, un paso adelante con la &hellip;<\/p>\n","protected":false},"author":1,"featured_media":36145,"comment_status":"open","ping_status":"open","sticky":false,"template":"","format":"standard","meta":{"footnotes":""},"categories":[4,37],"tags":[221,1593],"class_list":["post-36144","post","type-post","status-publish","format-standard","has-post-thumbnail","hentry","category-barra","category-paseo-cultural","tag-biblioteca-publica","tag-fiesta-del-libro-de-cucuta"],"_links":{"self":[{"href":"https:\/\/contraluzcucuta.co\/index.php?rest_route=\/wp\/v2\/posts\/36144","targetHints":{"allow":["GET"]}}],"collection":[{"href":"https:\/\/contraluzcucuta.co\/index.php?rest_route=\/wp\/v2\/posts"}],"about":[{"href":"https:\/\/contraluzcucuta.co\/index.php?rest_route=\/wp\/v2\/types\/post"}],"author":[{"embeddable":true,"href":"https:\/\/contraluzcucuta.co\/index.php?rest_route=\/wp\/v2\/users\/1"}],"replies":[{"embeddable":true,"href":"https:\/\/contraluzcucuta.co\/index.php?rest_route=%2Fwp%2Fv2%2Fcomments&post=36144"}],"version-history":[{"count":1,"href":"https:\/\/contraluzcucuta.co\/index.php?rest_route=\/wp\/v2\/posts\/36144\/revisions"}],"predecessor-version":[{"id":36146,"href":"https:\/\/contraluzcucuta.co\/index.php?rest_route=\/wp\/v2\/posts\/36144\/revisions\/36146"}],"wp:featuredmedia":[{"embeddable":true,"href":"https:\/\/contraluzcucuta.co\/index.php?rest_route=\/wp\/v2\/media\/36145"}],"wp:attachment":[{"href":"https:\/\/contraluzcucuta.co\/index.php?rest_route=%2Fwp%2Fv2%2Fmedia&parent=36144"}],"wp:term":[{"taxonomy":"category","embeddable":true,"href":"https:\/\/contraluzcucuta.co\/index.php?rest_route=%2Fwp%2Fv2%2Fcategories&post=36144"},{"taxonomy":"post_tag","embeddable":true,"href":"https:\/\/contraluzcucuta.co\/index.php?rest_route=%2Fwp%2Fv2%2Ftags&post=36144"}],"curies":[{"name":"wp","href":"https:\/\/api.w.org\/{rel}","templated":true}]}}