{"id":36141,"date":"2020-08-10T19:21:39","date_gmt":"2020-08-11T00:21:39","guid":{"rendered":"http:\/\/contraluzcucuta.co\/?p=36141"},"modified":"2020-08-10T19:21:39","modified_gmt":"2020-08-11T00:21:39","slug":"sistema-de-medios-el-catatumbo-territorio-de-paz","status":"publish","type":"post","link":"https:\/\/contraluzcucuta.co\/?p=36141","title":{"rendered":"SISTEMA DE MEDIOS. El Catatumbo: Territorio de paz"},"content":{"rendered":"<p style=\"padding-left: 40px; text-align: right;\"><span style=\"color: #ff9900;\"><strong>C\u00daCUTA.-<\/strong> Una apuesta m\u00e1s por la implementaci\u00f3n del Acuerdo final para la terminaci\u00f3n del conflicto y la construcci\u00f3n de una paz estable y duradera (2016) en la regi\u00f3n de El Catatumbo.<\/span><\/p>\n<p>En cabeza del director de Radio Nacional de Colombia, Vicente Silva, y ante las autoridades municipales, se desarroll\u00f3 la presentaci\u00f3n virtual oficial de la Emisora de Paz en Convenci\u00f3n. Una victoria m\u00e1s para el pa\u00eds, para el departamento y para la zona.<\/p>\n<p>El espacio comunicativo saldr\u00e1 al aire, el 13 de agosto, en cumplimiento del punto 2.2.3 y 6.5 del Acuerdo Final firmado entre el gobierno colombiano y el componente Farc. Se unir\u00e1 a las que se encuentran en funcionamiento en Chaparral (Tolima) e Ituango (Antioquia).<\/p>\n<p>El equipo period\u00edstico de la regi\u00f3n estar\u00e1 liderado por Geovanny Mej\u00eda Cantor, encargado de hacer pedagog\u00eda para la paz en una zona de convulsi\u00f3n pol\u00edtica y de reconocer las historias que se esconden en la identidad cultural de la provincia de Oca\u00f1a.<\/p>\n<p>Convenci\u00f3n (Norte de Santander), San Jacinto (Bol\u00edvar) y Fonseca (La Guajira) son los nuevos estudios radiales, tipo C, del sistema de medios p\u00fablicos de Colombia. Se proyecta que sean 20 espacios para el 2026.<\/p>\n","protected":false},"excerpt":{"rendered":"<p>C\u00daCUTA.- Una apuesta m\u00e1s por la implementaci\u00f3n del Acuerdo final para la terminaci\u00f3n del conflicto y la construcci\u00f3n de una paz estable y duradera (2016) en la regi\u00f3n de El Catatumbo. En cabeza del director de Radio Nacional de Colombia, Vicente Silva, y ante las autoridades municipales, se desarroll\u00f3 la presentaci\u00f3n virtual oficial de la &hellip;<\/p>\n","protected":false},"author":1,"featured_media":36142,"comment_status":"open","ping_status":"open","sticky":false,"template":"","format":"standard","meta":{"footnotes":""},"categories":[4,37],"tags":[246,5038],"class_list":["post-36141","post","type-post","status-publish","format-standard","has-post-thumbnail","hentry","category-barra","category-paseo-cultural","tag-el-catatumbo","tag-sistema-nacional-de-medios"],"_links":{"self":[{"href":"https:\/\/contraluzcucuta.co\/index.php?rest_route=\/wp\/v2\/posts\/36141","targetHints":{"allow":["GET"]}}],"collection":[{"href":"https:\/\/contraluzcucuta.co\/index.php?rest_route=\/wp\/v2\/posts"}],"about":[{"href":"https:\/\/contraluzcucuta.co\/index.php?rest_route=\/wp\/v2\/types\/post"}],"author":[{"embeddable":true,"href":"https:\/\/contraluzcucuta.co\/index.php?rest_route=\/wp\/v2\/users\/1"}],"replies":[{"embeddable":true,"href":"https:\/\/contraluzcucuta.co\/index.php?rest_route=%2Fwp%2Fv2%2Fcomments&post=36141"}],"version-history":[{"count":1,"href":"https:\/\/contraluzcucuta.co\/index.php?rest_route=\/wp\/v2\/posts\/36141\/revisions"}],"predecessor-version":[{"id":36143,"href":"https:\/\/contraluzcucuta.co\/index.php?rest_route=\/wp\/v2\/posts\/36141\/revisions\/36143"}],"wp:featuredmedia":[{"embeddable":true,"href":"https:\/\/contraluzcucuta.co\/index.php?rest_route=\/wp\/v2\/media\/36142"}],"wp:attachment":[{"href":"https:\/\/contraluzcucuta.co\/index.php?rest_route=%2Fwp%2Fv2%2Fmedia&parent=36141"}],"wp:term":[{"taxonomy":"category","embeddable":true,"href":"https:\/\/contraluzcucuta.co\/index.php?rest_route=%2Fwp%2Fv2%2Fcategories&post=36141"},{"taxonomy":"post_tag","embeddable":true,"href":"https:\/\/contraluzcucuta.co\/index.php?rest_route=%2Fwp%2Fv2%2Ftags&post=36141"}],"curies":[{"name":"wp","href":"https:\/\/api.w.org\/{rel}","templated":true}]}}