{"id":36135,"date":"2020-08-10T17:31:01","date_gmt":"2020-08-10T22:31:01","guid":{"rendered":"http:\/\/contraluzcucuta.co\/?p=36135"},"modified":"2020-08-10T17:31:01","modified_gmt":"2020-08-10T22:31:01","slug":"somos-colombia-empresarios-locales-podran-ofrecer-sus-productos-en-ronda-virtual","status":"publish","type":"post","link":"https:\/\/contraluzcucuta.co\/?p=36135","title":{"rendered":"SOMOS COLOMBIA. Empresarios locales podr\u00e1n ofrecer sus productos en ronda virtual"},"content":{"rendered":"<p style=\"padding-left: 40px; text-align: right;\"><span style=\"color: #ff9900;\"><strong>C\u00daCUTA.-<\/strong> Emprendedores de C\u00facuta, Toledo, Tib\u00fa y Saravena participar\u00e1n en la iniciativa del programa \u2018Vocaciones Productivas Diversas de Ecopetrol\u2019. La Ronda Virtual Regional \u2018Somos Colombia\u2019 se llevar\u00e1 a cabo el 13 de agosto, con las C\u00e1maras de Comercio de Norte de Santander y Arauca.<\/span><\/p>\n<p>El objetivo es impulsar la reactivaci\u00f3n de la econom\u00eda nacional, por medio de la generaci\u00f3n de oportunidades de relacionamiento de compradores nacionales con empresas de vocaciones productivas regionales.<\/p>\n<p>En la Ronda Virtual se ejecuta el programa \u2018Vocaciones Productivas Diversas de Ecopetrol\u2019, que promociona la contrataci\u00f3n de productos de las regiones donde opera la Empresa con compa\u00f1\u00edas aliadas, operadores y la Tienda Ecopetrol.<\/p>\n<p>Pueden inscribirse las empresas de C\u00facuta, Toledo y Tib\u00fa, en Norte de Santander, y Saravena, en Arauca, interesadas en participar en este relacionamiento.<\/p>\n<p>Los sectores de la econom\u00eda invitados a la ronda virtual son:<\/p>\n<p>1.- Papeler\u00eda y miscel\u00e1neos<\/p>\n<p>2.- Innovaci\u00f3n y tecnolog\u00eda<\/p>\n<p>3.- Alimentaci\u00f3n (materia prima y productos transformados)<\/p>\n<p>4.- Insumos o elementos de aseo<\/p>\n<p>5.- Transporte de personal y transporte de carga<\/p>\n<p>6.- Elementos de bioseguridad<\/p>\n<p>7.- Empaques para alimentos (biodegradables).<\/p>\n<p>La iniciativa cuenta con apoyo del Ministerio de Industria y Comercio, representado por Procolombia, Propa\u00eds y Colombia Productiva, y el acompa\u00f1amiento de las C\u00e1maras de Comercio locales.<\/p>\n","protected":false},"excerpt":{"rendered":"<p>C\u00daCUTA.- Emprendedores de C\u00facuta, Toledo, Tib\u00fa y Saravena participar\u00e1n en la iniciativa del programa \u2018Vocaciones Productivas Diversas de Ecopetrol\u2019. La Ronda Virtual Regional \u2018Somos Colombia\u2019 se llevar\u00e1 a cabo el 13 de agosto, con las C\u00e1maras de Comercio de Norte de Santander y Arauca. El objetivo es impulsar la reactivaci\u00f3n de la econom\u00eda nacional, por &hellip;<\/p>\n","protected":false},"author":1,"featured_media":36136,"comment_status":"open","ping_status":"open","sticky":false,"template":"","format":"standard","meta":{"footnotes":""},"categories":[4,36],"tags":[375,4578,5036,4992,3551],"class_list":["post-36135","post","type-post","status-publish","format-standard","has-post-thumbnail","hentry","category-barra","category-la-voz-del-pueblo","tag-camara-de-comercio-de-cucuta","tag-colombia-productiva","tag-emprendedores-cucutenos","tag-procolombia","tag-propais"],"_links":{"self":[{"href":"https:\/\/contraluzcucuta.co\/index.php?rest_route=\/wp\/v2\/posts\/36135","targetHints":{"allow":["GET"]}}],"collection":[{"href":"https:\/\/contraluzcucuta.co\/index.php?rest_route=\/wp\/v2\/posts"}],"about":[{"href":"https:\/\/contraluzcucuta.co\/index.php?rest_route=\/wp\/v2\/types\/post"}],"author":[{"embeddable":true,"href":"https:\/\/contraluzcucuta.co\/index.php?rest_route=\/wp\/v2\/users\/1"}],"replies":[{"embeddable":true,"href":"https:\/\/contraluzcucuta.co\/index.php?rest_route=%2Fwp%2Fv2%2Fcomments&post=36135"}],"version-history":[{"count":1,"href":"https:\/\/contraluzcucuta.co\/index.php?rest_route=\/wp\/v2\/posts\/36135\/revisions"}],"predecessor-version":[{"id":36137,"href":"https:\/\/contraluzcucuta.co\/index.php?rest_route=\/wp\/v2\/posts\/36135\/revisions\/36137"}],"wp:featuredmedia":[{"embeddable":true,"href":"https:\/\/contraluzcucuta.co\/index.php?rest_route=\/wp\/v2\/media\/36136"}],"wp:attachment":[{"href":"https:\/\/contraluzcucuta.co\/index.php?rest_route=%2Fwp%2Fv2%2Fmedia&parent=36135"}],"wp:term":[{"taxonomy":"category","embeddable":true,"href":"https:\/\/contraluzcucuta.co\/index.php?rest_route=%2Fwp%2Fv2%2Fcategories&post=36135"},{"taxonomy":"post_tag","embeddable":true,"href":"https:\/\/contraluzcucuta.co\/index.php?rest_route=%2Fwp%2Fv2%2Ftags&post=36135"}],"curies":[{"name":"wp","href":"https:\/\/api.w.org\/{rel}","templated":true}]}}