{"id":36129,"date":"2020-08-09T09:37:35","date_gmt":"2020-08-09T14:37:35","guid":{"rendered":"http:\/\/contraluzcucuta.co\/?p=36129"},"modified":"2020-08-09T09:37:35","modified_gmt":"2020-08-09T14:37:35","slug":"posible-caso-de-covid-brigadas-para-aplicacion-de-pruebas-y-cerco-epidemiologico-en-etcr-cano-indio","status":"publish","type":"post","link":"https:\/\/contraluzcucuta.co\/?p=36129","title":{"rendered":"POSIBLE CASO DE COVID. Brigadas para aplicaci\u00f3n de pruebas y cerco epidemiol\u00f3gico en ETCR \u2018Ca\u00f1o Indio\u2019  \u00a0"},"content":{"rendered":"<p style=\"padding-left: 40px; text-align: right;\"><span style=\"color: #ff9900;\"><strong>TIB\u00da &#8211; Norte de Santander<\/strong>.- Ante posible caso de Covid de excombatiente, la ARN tom\u00f3 medidas inmediatas de atenci\u00f3n, prevenci\u00f3n y protecci\u00f3n para la poblaci\u00f3n en reincorporaci\u00f3n. Se aplicaron pruebas y se cre\u00f3 el cerco epidemiol\u00f3gico en el antiguo ETCR \u2018Ca\u00f1o Indio\u2019.<\/span><\/p>\n<p>Se trata de un excombatiente en proceso de reincorporaci\u00f3n, que habita el antiguo Espacio Territorial de Capacitaci\u00f3n y Reincorporaci\u00f3n (ETCR) \u2018Ca\u00f1o Indio\u2019, ubicado en Tib\u00fa. El hombre se desempe\u00f1a como escolta de la Unidad Nacional de Protecci\u00f3n (UNP) y se encontraba en C\u00facuta en d\u00edas de descanso.<\/p>\n<p>La prueba de ant\u00edgenos le fue practicada en cumplimiento de las exigencias para ingresar al municipio, donde est\u00e1 el antiguo espacio territorial.<\/p>\n<p>Al conocer el caso, la Agencia procedi\u00f3 de manera inmediata a solicitar a la Nueva EPS la prueba nasal para corroborar o descartar contagio de Covid-19. Luis Armando Carre\u00f1o, coordinador del Grupo Territorial de la ARN, dijo que esta semana avanzar\u00e1 con el procedimiento.<\/p>\n<p>El estado de salud del hombre es estable, el \u00fanico s\u00edntoma persistente es tos seca. Desde la ARN fue activado el protocolo de contingencia, por lo que el paciente se encuentra aislado por fuera del espacio territorial. Los profesionales de la entidad han efectuado acompa\u00f1amiento telef\u00f3nico constante para conocer el estado de salud en caso de que se requiera activar la ruta de atenci\u00f3n y han brindado orientaci\u00f3n sobre los protocolos de bioseguridad y aislamiento para evitar otros contagios.<\/p>\n<p>Andr\u00e9s Stapper, director de la ARN, dijo que desde cuando se decret\u00f3 el aislamiento obligatorio en el territorio nacional, la entidad ha hecho acompa\u00f1amiento constante en los lugares donde se adelantan los procesos de reincorporaci\u00f3n colectivos. Por ahora, no se han reportado s\u00edntomas de infecci\u00f3n respiratoria en el antiguo ETCR \u2018Ca\u00f1o Indio\u2019.<\/p>\n<p>Ante la alerta epidemiol\u00f3gica, con apoyo t\u00e9cnico y orientaci\u00f3n de la Empresa Social del Estado, ESE, y el Instituto Departamental de la Salud se adelant\u00f3 la mesa t\u00e9cnica para avanzar con la brigada de salud que permita la aplicaci\u00f3n de pruebas Covid-19 y el cerco epidemiol\u00f3gico en el antiguo ETCR \u2018Ca\u00f1o Indio\u2019 habitado 66 personas en proceso de reincorporaci\u00f3n.<\/p>\n<p>De igual manera, se evaluar\u00e1 el uso de m\u00f3dulos para la creaci\u00f3n de zonas de distanciamiento social acorde con los protocolos definidos por el Ministerio de Salud y Protecci\u00f3n Social.<\/p>\n<p>En el territorio nacional, la ARN ha presentado un protocolo de seguimiento y orientaci\u00f3n para acceder a las rutas de atenci\u00f3n en salud, en coordinaci\u00f3n entre cada espacio territorial y secretar\u00edas de salud, centros de urgencias y hospitales cercanos a los antiguos ETCR.<\/p>\n<p>Desde la entidad y en coordinaci\u00f3n con entidades privadas de prestaci\u00f3n de servicios en salud, de la industria farmac\u00e9utica multinacional de biotecnolog\u00eda se ha brindado asesor\u00eda telef\u00f3nica por parte de profesionales de la salud para contrarrestar el ciclo de transmisi\u00f3n del virus.<\/p>\n<p>Mediante el programa de \u2018Teleorientaci\u00f3n\u2019 ha acercado la atenci\u00f3n primaria en salud a la poblaci\u00f3n en reincorporaci\u00f3n, para llevar a cabo la valoraci\u00f3n de signos y s\u00edntomas de enfermedad respiratoria. Adem\u00e1s del reforzamiento a las medidas de aislamiento y de promoci\u00f3n y entrega de elementos personales para el cuidado individual y colectivo.<\/p>\n","protected":false},"excerpt":{"rendered":"<p>TIB\u00da &#8211; Norte de Santander.- Ante posible caso de Covid de excombatiente, la ARN tom\u00f3 medidas inmediatas de atenci\u00f3n, prevenci\u00f3n y protecci\u00f3n para la poblaci\u00f3n en reincorporaci\u00f3n. Se aplicaron pruebas y se cre\u00f3 el cerco epidemiol\u00f3gico en el antiguo ETCR \u2018Ca\u00f1o Indio\u2019. Se trata de un excombatiente en proceso de reincorporaci\u00f3n, que habita el antiguo &hellip;<\/p>\n","protected":false},"author":1,"featured_media":36130,"comment_status":"open","ping_status":"open","sticky":false,"template":"","format":"standard","meta":{"footnotes":""},"categories":[4,32],"tags":[4569,3134,4837],"class_list":["post-36129","post","type-post","status-publish","format-standard","has-post-thumbnail","hentry","category-barra","category-recorrido-por-la-region","tag-arn","tag-cano-indio-tibu","tag-covid-19"],"_links":{"self":[{"href":"https:\/\/contraluzcucuta.co\/index.php?rest_route=\/wp\/v2\/posts\/36129","targetHints":{"allow":["GET"]}}],"collection":[{"href":"https:\/\/contraluzcucuta.co\/index.php?rest_route=\/wp\/v2\/posts"}],"about":[{"href":"https:\/\/contraluzcucuta.co\/index.php?rest_route=\/wp\/v2\/types\/post"}],"author":[{"embeddable":true,"href":"https:\/\/contraluzcucuta.co\/index.php?rest_route=\/wp\/v2\/users\/1"}],"replies":[{"embeddable":true,"href":"https:\/\/contraluzcucuta.co\/index.php?rest_route=%2Fwp%2Fv2%2Fcomments&post=36129"}],"version-history":[{"count":1,"href":"https:\/\/contraluzcucuta.co\/index.php?rest_route=\/wp\/v2\/posts\/36129\/revisions"}],"predecessor-version":[{"id":36131,"href":"https:\/\/contraluzcucuta.co\/index.php?rest_route=\/wp\/v2\/posts\/36129\/revisions\/36131"}],"wp:featuredmedia":[{"embeddable":true,"href":"https:\/\/contraluzcucuta.co\/index.php?rest_route=\/wp\/v2\/media\/36130"}],"wp:attachment":[{"href":"https:\/\/contraluzcucuta.co\/index.php?rest_route=%2Fwp%2Fv2%2Fmedia&parent=36129"}],"wp:term":[{"taxonomy":"category","embeddable":true,"href":"https:\/\/contraluzcucuta.co\/index.php?rest_route=%2Fwp%2Fv2%2Fcategories&post=36129"},{"taxonomy":"post_tag","embeddable":true,"href":"https:\/\/contraluzcucuta.co\/index.php?rest_route=%2Fwp%2Fv2%2Ftags&post=36129"}],"curies":[{"name":"wp","href":"https:\/\/api.w.org\/{rel}","templated":true}]}}