{"id":36118,"date":"2020-08-04T17:45:48","date_gmt":"2020-08-04T22:45:48","guid":{"rendered":"http:\/\/contraluzcucuta.co\/?p=36118"},"modified":"2020-08-04T18:03:14","modified_gmt":"2020-08-04T23:03:14","slug":"analisis-que-se-meta-a-la-jep","status":"publish","type":"post","link":"https:\/\/contraluzcucuta.co\/?p=36118","title":{"rendered":"AN\u00c1LISIS. Que se meta a la JEP"},"content":{"rendered":"<p style=\"padding-left: 40px; text-align: right;\"><span style=\"color: #ff9900;\">Personalmente, no puedo negar mi alegr\u00eda ante la medida que tom\u00f3 la Corte Suprema de Justicia de \u00a1tocar al intocable! De cierta manera, es un desmarque de la justicia, que bastante falta le hace, porque en este pa\u00eds no se tiene confianza en la justicia. <\/span><\/p>\n<p>As\u00ed en el fondo muchos pensemos que solo es un mal rato para el tipo, que es otra maniobra para despertar l\u00e1stima. A prop\u00f3sito \u00bfqu\u00e9 sentir\u00e1 la esposa de Uribe al ver que la usa para generar l\u00e1stima? Y muchos sentimos eso \u00bfpor qu\u00e9?, porque este es el menor de los males por los que este se\u00f1or debe ser juzgado.<\/p>\n<p>Son muchas las manchas que ensucian el nombre de \u00c1lvaro Uribe, un pol\u00edtico que tiene m\u00e1s de 50 investigaciones en curso y aun as\u00ed le habla al pa\u00eds de honestidad. El leve manto de dudas lo arrastra desde los a\u00f1os 90, cuando siendo director de la Aeron\u00e1utica Civil benefici\u00f3 a Pablo Escobar, Carlos Ledher y Jorge Ochoa. Al otorgarle la ruta Medell\u00edn \u2013 Turbo benefici\u00f3 el narcotr\u00e1fico, en nombre de Jaime Cardona, quien era la cara de los tres narcotraficantes.<\/p>\n<p>Algunos de los casos m\u00e1s sonados en contra de Uribe jam\u00e1s han surtido tanto efecto en juzgamiento como el de hoy, en el proceso que se lleva entre los senadores \u00c1lvaro Uribe e Iv\u00e1n Cepeda, en el que el expresidente torci\u00f3 testigos en contra. As\u00ed lo asegura el senador Cepeda, de ah\u00ed que todo esto se vea como que a \u00c1lvaro Uribe le sali\u00f3 \u2018el tiro por la culata\u2019, pues el tal \u201cplan contra Uribe\u201d, como lo asegura la se\u00f1ora de las almendras en un tuit, inicialmente fue el plan contra Cepeda.<\/p>\n<p>Otro edred\u00f3n de dudas que envuelve al senador Uribe es el de sus nexos con los paramilitares, siendo el creador de las Convivir y abusando del cargo como Gobernador y luego como Presidente en dos periodos continuos en nombre de la seguridad democr\u00e1tica permiti\u00f3 el paso a paramilitares a lo largo y ancho del pa\u00eds. Son m\u00e1s de 10.000 las v\u00edctimas que dej\u00f3 la incursi\u00f3n paramilitar junto a las fuerzas militares en Colombia, algunos exparamilitares como Salvatore Mancuso en versiones libres incriminaron al expresidente.<\/p>\n<p>El Aro (El Aro, en Ituango, el 22 de octubre de 1997 y asesinaron a 17 personas). \u2018Don Berna\u2019, quien desde Miami dijo que en la masacre de El Aro participaron miembros del Estado, entre ellos \u00c1lvaro Uribe, en ese entonces Gobernador de Antioquia. Este caso le cost\u00f3 al Estado $ 3400 millones, repartidos en 123 familiares de v\u00edctimas.<\/p>\n<p>En junio de 1996, 30 integrantes de las Autodefensas Campesinas de C\u00f3rdoba y Urab\u00e1 (Accu) recorrieron el caser\u00edo La Granja con fusil en mano, apagaron establecimientos y la vida de cinco hombres al frente del pueblo, seg\u00fan los paramilitares por auxiliadores de la guerrilla.<\/p>\n<p>Son solo algunos de los procesos por los que deber\u00eda ser juzgado el expresidente \u00c1lvaro Uribe, y no por unos chismes que nada que ver con la relevancia actual del pa\u00eds. Tanta vaina por una medida y no se dan cuenta de que el se\u00f1or jam\u00e1s pierde, pues va a pagar detenci\u00f3n domiciliaria en una finca de m\u00e1s de 1500 hect\u00e1reas. Y para los que se quejan de que las Farc est\u00e1n \u201cimpunes\u201d y Uribe preso, les tengo la soluci\u00f3n: Que el tipo se meta a la JEP cuando le revienten los m\u00e1s de 50 procesos pendientes, cuente la verdad y tendr\u00e1 los mismos beneficios judiciales. Fin.<\/p>\n<p><b>MARIO CAICEDO<\/b><\/p>\n","protected":false},"excerpt":{"rendered":"<p>Personalmente, no puedo negar mi alegr\u00eda ante la medida que tom\u00f3 la Corte Suprema de Justicia de \u00a1tocar al intocable! De cierta manera, es un desmarque de la justicia, que bastante falta le hace, porque en este pa\u00eds no se tiene confianza en la justicia. As\u00ed en el fondo muchos pensemos que solo es un &hellip;<\/p>\n","protected":false},"author":1,"featured_media":36119,"comment_status":"open","ping_status":"open","sticky":false,"template":"","format":"standard","meta":{"footnotes":""},"categories":[14,4],"tags":[1434,2749,2096,5033],"class_list":["post-36118","post","type-post","status-publish","format-standard","has-post-thumbnail","hentry","category-articulistas","category-barra","tag-alvaro-uribe-vevez","tag-articulistas-contraluz","tag-corte-suprema-de-justicia","tag-don-anonimo"],"_links":{"self":[{"href":"https:\/\/contraluzcucuta.co\/index.php?rest_route=\/wp\/v2\/posts\/36118","targetHints":{"allow":["GET"]}}],"collection":[{"href":"https:\/\/contraluzcucuta.co\/index.php?rest_route=\/wp\/v2\/posts"}],"about":[{"href":"https:\/\/contraluzcucuta.co\/index.php?rest_route=\/wp\/v2\/types\/post"}],"author":[{"embeddable":true,"href":"https:\/\/contraluzcucuta.co\/index.php?rest_route=\/wp\/v2\/users\/1"}],"replies":[{"embeddable":true,"href":"https:\/\/contraluzcucuta.co\/index.php?rest_route=%2Fwp%2Fv2%2Fcomments&post=36118"}],"version-history":[{"count":2,"href":"https:\/\/contraluzcucuta.co\/index.php?rest_route=\/wp\/v2\/posts\/36118\/revisions"}],"predecessor-version":[{"id":36121,"href":"https:\/\/contraluzcucuta.co\/index.php?rest_route=\/wp\/v2\/posts\/36118\/revisions\/36121"}],"wp:featuredmedia":[{"embeddable":true,"href":"https:\/\/contraluzcucuta.co\/index.php?rest_route=\/wp\/v2\/media\/36119"}],"wp:attachment":[{"href":"https:\/\/contraluzcucuta.co\/index.php?rest_route=%2Fwp%2Fv2%2Fmedia&parent=36118"}],"wp:term":[{"taxonomy":"category","embeddable":true,"href":"https:\/\/contraluzcucuta.co\/index.php?rest_route=%2Fwp%2Fv2%2Fcategories&post=36118"},{"taxonomy":"post_tag","embeddable":true,"href":"https:\/\/contraluzcucuta.co\/index.php?rest_route=%2Fwp%2Fv2%2Ftags&post=36118"}],"curies":[{"name":"wp","href":"https:\/\/api.w.org\/{rel}","templated":true}]}}