{"id":36069,"date":"2020-07-28T16:49:46","date_gmt":"2020-07-28T21:49:46","guid":{"rendered":"http:\/\/contraluzcucuta.co\/?p=36069"},"modified":"2020-07-28T16:49:46","modified_gmt":"2020-07-28T21:49:46","slug":"casas-de-mujeres-empoderadas-tendran-aulas-de-tecnologia-con-apoyo-de-cooperacion-turca","status":"publish","type":"post","link":"https:\/\/contraluzcucuta.co\/?p=36069","title":{"rendered":"CASAS DE MUJERES EMPODERADAS. Tendr\u00e1n aulas de tecnolog\u00eda con apoyo de cooperaci\u00f3n turca"},"content":{"rendered":"<p style=\"padding-left: 40px; text-align: right;\"><span style=\"color: #ff9900;\"><strong>BOGOT\u00c1.-<\/strong> La Casa de Mujeres Empoderadas de C\u00facuta recibi\u00f3 dotaci\u00f3n de equipos para aulas de tecnolog\u00eda. El donante fue el gobierno de Turqu\u00eda, por intermedio de la Agencia de Cooperaci\u00f3n y Coordinaci\u00f3n (Tika). La iniciativa es liderada por la Vicepresidencia de la Rep\u00fablica y la Consejer\u00eda Presidencial para la Equidad de la Mujer.<\/span><\/p>\n<p>La donaci\u00f3n permitir\u00e1 brindar capacitaci\u00f3n a mujeres en Norte de Santander. Las aulas ser\u00e1n dotadas con equipos de c\u00f3mputo, televisores led, video beams, impresoras l\u00e1ser, tableros acr\u00edlicos, amplificadores de sonido, red de conexi\u00f3n e instalaci\u00f3n, sillas y mesas y aire acondicionado.<\/p>\n<p>La secretaria departamental de la Mujer, Sonia Arango, recibi\u00f3 los equipos, que permitir\u00e1n optimizar el desarrollo de las actividades y fortalecer la apuesta del Gobierno por impulsar la inclusi\u00f3n digital de las mujeres.<\/p>\n<p>En agosto y septiembre, las Casas de las Mujeres Empoderadas de Nari\u00f1o (Pasto), Valle del Cauca (Buga), Quibd\u00f3 (Choc\u00f3) y Riohacha (La Guajira) recibir\u00e1n los equipos.<\/p>\n<p>La vicepresidenta Marta Luc\u00eda Ram\u00edrez destac\u00f3 el apoyo del gobierno de Turqu\u00eda. \u201cEste gesto de cooperaci\u00f3n es fundamental para fortalecer las competencias en materia digital de las mujeres de Colombia, desde el nivel territorial\u201d. De esta manera, no solo se cierran las brechas tecnol\u00f3gicas, sino tambi\u00e9n las brechas en equidad de g\u00e9nero.<\/p>\n<p>\u201cNecesitamos mujeres l\u00edderes en la econom\u00eda y en la pol\u00edtica, que nos ayuden a impulsar la repotenciaci\u00f3n econ\u00f3mica del pa\u00eds\u201d, manifest\u00f3. Las herramientas tecnol\u00f3gicas permitir\u00e1n a las mujeres promover emprendimientos o lograr mejores empleos en cumplimiento de las nuevas exigencias que plantea la cuarta revoluci\u00f3n industrial.<\/p>\n<p>El director de Tika Colombia, Mehmed S\u00fclk\u00fc, dijo que los objetivos van alineados con los Objetivos de Desarrollo Sostenible de las Naciones Unidas y el Plan Nacional de Desarrollo del Gobierno. \u201cLa igualdad de g\u00e9nero y el crecimiento econ\u00f3mico tienen una importancia significativa\u201d.<\/p>\n<p>La consejera Gheidy Gallo reiter\u00f3 que la estrategia Casa de las Mujeres Empoderadas busca:<\/p>\n<p>1.- Generar oportunidades para las mujeres<\/p>\n<p>2.- Promover la autonom\u00eda econ\u00f3mica<\/p>\n<p>3.- Garantizar la inclusi\u00f3n digital<\/p>\n<p>4.- Mejorar la capacitaci\u00f3n<\/p>\n<p>5.- Impulsar el empoderamiento.<\/p>\n","protected":false},"excerpt":{"rendered":"<p>BOGOT\u00c1.- La Casa de Mujeres Empoderadas de C\u00facuta recibi\u00f3 dotaci\u00f3n de equipos para aulas de tecnolog\u00eda. El donante fue el gobierno de Turqu\u00eda, por intermedio de la Agencia de Cooperaci\u00f3n y Coordinaci\u00f3n (Tika). La iniciativa es liderada por la Vicepresidencia de la Rep\u00fablica y la Consejer\u00eda Presidencial para la Equidad de la Mujer. La donaci\u00f3n &hellip;<\/p>\n","protected":false},"author":1,"featured_media":36070,"comment_status":"open","ping_status":"open","sticky":false,"template":"","format":"standard","meta":{"footnotes":""},"categories":[4,2630],"tags":[5025,1847,4729,1758],"class_list":["post-36069","post","type-post","status-publish","format-standard","has-post-thumbnail","hentry","category-barra","category-gobernacion","tag-agencia-tika","tag-emprendimiento","tag-mujeres-empoderadas","tag-vicepresidente-de-colombia"],"_links":{"self":[{"href":"https:\/\/contraluzcucuta.co\/index.php?rest_route=\/wp\/v2\/posts\/36069","targetHints":{"allow":["GET"]}}],"collection":[{"href":"https:\/\/contraluzcucuta.co\/index.php?rest_route=\/wp\/v2\/posts"}],"about":[{"href":"https:\/\/contraluzcucuta.co\/index.php?rest_route=\/wp\/v2\/types\/post"}],"author":[{"embeddable":true,"href":"https:\/\/contraluzcucuta.co\/index.php?rest_route=\/wp\/v2\/users\/1"}],"replies":[{"embeddable":true,"href":"https:\/\/contraluzcucuta.co\/index.php?rest_route=%2Fwp%2Fv2%2Fcomments&post=36069"}],"version-history":[{"count":1,"href":"https:\/\/contraluzcucuta.co\/index.php?rest_route=\/wp\/v2\/posts\/36069\/revisions"}],"predecessor-version":[{"id":36071,"href":"https:\/\/contraluzcucuta.co\/index.php?rest_route=\/wp\/v2\/posts\/36069\/revisions\/36071"}],"wp:featuredmedia":[{"embeddable":true,"href":"https:\/\/contraluzcucuta.co\/index.php?rest_route=\/wp\/v2\/media\/36070"}],"wp:attachment":[{"href":"https:\/\/contraluzcucuta.co\/index.php?rest_route=%2Fwp%2Fv2%2Fmedia&parent=36069"}],"wp:term":[{"taxonomy":"category","embeddable":true,"href":"https:\/\/contraluzcucuta.co\/index.php?rest_route=%2Fwp%2Fv2%2Fcategories&post=36069"},{"taxonomy":"post_tag","embeddable":true,"href":"https:\/\/contraluzcucuta.co\/index.php?rest_route=%2Fwp%2Fv2%2Ftags&post=36069"}],"curies":[{"name":"wp","href":"https:\/\/api.w.org\/{rel}","templated":true}]}}