{"id":36057,"date":"2020-07-25T17:33:54","date_gmt":"2020-07-25T22:33:54","guid":{"rendered":"http:\/\/contraluzcucuta.co\/?p=36057"},"modified":"2020-07-25T17:38:44","modified_gmt":"2020-07-25T22:38:44","slug":"futbol-de-primera-al-cucuta-deportivo-no-le-va-bien-en-el-confinamiento","status":"publish","type":"post","link":"https:\/\/contraluzcucuta.co\/?p=36057","title":{"rendered":"F\u00daTBOL DE PRIMERA. Al C\u00facuta Deportivo no le va bien en el confinamiento"},"content":{"rendered":"<p style=\"padding-left: 40px; text-align: right;\"><span style=\"color: #ff9900;\"><strong>C\u00daCUTA.-<\/strong> La cuarentena no le ha ca\u00eddo bien al C\u00facuta Deportivo por diversas razones. El alcalde Jairo Y\u00e1\u00f1ez y Acolfutpro solicitaron suspenderle el reconocimiento deportivo al cuadro rojinegro y uno de los jugadores dio positivo al Covid-19, luego de las pruebas de rigor. \u00a0<\/span><\/p>\n<p>La Asociaci\u00f3n Colombiana de Futbolistas Profesionales (Acolfutpro) elev\u00f3 la petici\u00f3n al Ministerio del Deporte y se quej\u00f3 ante la Superintendencia de Sociedades para que adelante inspecci\u00f3n, vigilancia y control al cuadro rojinegro.<\/p>\n<p>\u201cEl C\u00facuta Deportivo fue admitido en un proceso de reorganizaci\u00f3n empresarial (Ley 1116 del 2006) y est\u00e1 incumpliendo las obligaciones de pago de salarios postacuerdo, quebrantando los compromisos legales\u201d, dice uno de los apartes del comunicado divulgado este fin de semana.<\/p>\n<p>Acolfutpro acusa al presidente Jos\u00e9 Augusto Cadena, presidente del club fronterizo, de haber incumplido, una vez m\u00e1s, con el pago de salarios a los futbolistas profesionales. \u201cPese a rebajar su sueldo en un 50 por ciento, en algunos casos van a completar cuatro meses, mientras que otros llegar\u00e1n a tres, sin recibir su sueldo\u201d, denunci\u00f3 la Asociaci\u00f3n.<\/p>\n<p>Estos incumplimientos han generado inconvenientes a los deportistas y a las familias. \u201cEn muchos casos no han podido pagar el arriendo de las viviendas que ocupan, por lo que han recibido anuncios de desalojo por parte de las inmobiliarias\u201d, dice el comunicado.<\/p>\n<p>Seg\u00fan Acolfutpro, los futbolistas se encuentran en una situaci\u00f3n dif\u00edcil en materia econ\u00f3mica. \u201cIncluso, les ocasionar\u00eda impedimento para asistir a los entrenamientos\u201d.<\/p>\n<p>De parte del presidente Cadena no se conoce respuesta a esta comunicaci\u00f3n de los futbolistas profesionales.\u00a0La oficina de prensa del once motil\u00f3n anunci\u00f3 que luego de la verificacio\u0301n de la comisio\u0301n de la FCF y Dimayor el equipo fue autorizado para iniciar pra\u0301cticas de manera individual. El C\u00facuta Deportivo retorn\u00f3 este s\u00e1bado a la sede, Colegio Comfanorte.<\/p>\n<p>&nbsp;<\/p>\n","protected":false},"excerpt":{"rendered":"<p>C\u00daCUTA.- La cuarentena no le ha ca\u00eddo bien al C\u00facuta Deportivo por diversas razones. El alcalde Jairo Y\u00e1\u00f1ez y Acolfutpro solicitaron suspenderle el reconocimiento deportivo al cuadro rojinegro y uno de los jugadores dio positivo al Covid-19, luego de las pruebas de rigor. \u00a0 La Asociaci\u00f3n Colombiana de Futbolistas Profesionales (Acolfutpro) elev\u00f3 la petici\u00f3n al &hellip;<\/p>\n","protected":false},"author":1,"featured_media":36058,"comment_status":"open","ping_status":"open","sticky":false,"template":"","format":"standard","meta":{"footnotes":""},"categories":[4,28],"tags":[5019,5020,192],"class_list":["post-36057","post","type-post","status-publish","format-standard","has-post-thumbnail","hentry","category-barra","category-vistazo-deportivo","tag-asocolfutpro","tag-confinamiento","tag-cucuta-deportivo"],"_links":{"self":[{"href":"https:\/\/contraluzcucuta.co\/index.php?rest_route=\/wp\/v2\/posts\/36057","targetHints":{"allow":["GET"]}}],"collection":[{"href":"https:\/\/contraluzcucuta.co\/index.php?rest_route=\/wp\/v2\/posts"}],"about":[{"href":"https:\/\/contraluzcucuta.co\/index.php?rest_route=\/wp\/v2\/types\/post"}],"author":[{"embeddable":true,"href":"https:\/\/contraluzcucuta.co\/index.php?rest_route=\/wp\/v2\/users\/1"}],"replies":[{"embeddable":true,"href":"https:\/\/contraluzcucuta.co\/index.php?rest_route=%2Fwp%2Fv2%2Fcomments&post=36057"}],"version-history":[{"count":3,"href":"https:\/\/contraluzcucuta.co\/index.php?rest_route=\/wp\/v2\/posts\/36057\/revisions"}],"predecessor-version":[{"id":36061,"href":"https:\/\/contraluzcucuta.co\/index.php?rest_route=\/wp\/v2\/posts\/36057\/revisions\/36061"}],"wp:featuredmedia":[{"embeddable":true,"href":"https:\/\/contraluzcucuta.co\/index.php?rest_route=\/wp\/v2\/media\/36058"}],"wp:attachment":[{"href":"https:\/\/contraluzcucuta.co\/index.php?rest_route=%2Fwp%2Fv2%2Fmedia&parent=36057"}],"wp:term":[{"taxonomy":"category","embeddable":true,"href":"https:\/\/contraluzcucuta.co\/index.php?rest_route=%2Fwp%2Fv2%2Fcategories&post=36057"},{"taxonomy":"post_tag","embeddable":true,"href":"https:\/\/contraluzcucuta.co\/index.php?rest_route=%2Fwp%2Fv2%2Ftags&post=36057"}],"curies":[{"name":"wp","href":"https:\/\/api.w.org\/{rel}","templated":true}]}}