{"id":36054,"date":"2020-07-25T16:18:03","date_gmt":"2020-07-25T21:18:03","guid":{"rendered":"http:\/\/contraluzcucuta.co\/?p=36054"},"modified":"2020-07-25T16:18:03","modified_gmt":"2020-07-25T21:18:03","slug":"corredor-cucuta-pamplona-cierre-total-nocturno-por-labores-de-rehabilitacion","status":"publish","type":"post","link":"https:\/\/contraluzcucuta.co\/?p=36054","title":{"rendered":"CORREDOR CU\u0301CUTA-PAMPLONA. Cierre total nocturno por labores de rehabilitaci\u00f3n"},"content":{"rendered":"<p style=\"padding-left: 40px; text-align: right;\"><span style=\"color: #ff9900;\"><strong>C\u00daCUTA.-<\/strong> El tramo C\u00facuta-Pamplona ser\u00e1 cerrado para la circulaci\u00f3n vehicular debido a medidas de seguridad para los usuarios, mientras se avanza en los trabajos de rehabilitaci\u00f3n del corredor vial. La restricci\u00f3n comenzar\u00e1 este domingo, ir\u00e1 de las 9:00 de la noche a las 5:00 de la ma\u00f1ana, durante 19 d\u00edas.<\/span><\/p>\n<p>En este proyecto, en el que se siguen las medidas de bioseguridad, se han vinculado 2357 trabajadores. El cierre obedece a:<\/p>\n<p>1.- Actividades de rehabilitaci\u00f3n de puentes vehiculares<\/p>\n<p>2.- Montaje de puentes peatonales<\/p>\n<p>3.- Obras de sostenimiento en el corredor vial Pamplona-C\u00facuta, concesionado por la Agencia Nacional de Infraestructura.<\/p>\n<p>4.- Remplazo de apoyos (neoprenos).<\/p>\n<p>5.- Cambio o instalaci\u00f3n de juntas de dilataci\u00f3n en puentes vehiculares existentes.<\/p>\n<p>6.- Montaje de estructuras met\u00e1licas para puentes peatonales y sostenimiento de taludes.<\/p>\n<p>Para el desplazamiento de veh\u00edculos particulares y de trasporte p\u00fablico de pasajeros entre C\u00facuta y el interior del pa\u00eds se plantea la ruta nacional<\/p>\n<p>El Concesionario Uni\u00f3n Vial R\u00edo Pamplonita tiene dispuesta la l\u00ednea del Centro de Control de Operaciones: 350 460 9707, que presta servicios las 24 horas del d\u00eda, para resolver inquietudes a los usuarios con relaci\u00f3n al funcionamiento de la v\u00eda durante los cierres y facilitar la planeaci\u00f3n de viajes. Presta servicios de gr\u00faa, ambulancia, carro taller y\/o vigilante vial.<\/p>\n<p>El proyecto Pamplona-C\u00facuta tiene una longitud de 62,2 kil\u00f3metros, contempla la construcci\u00f3n de 50,2 kil\u00f3metros de v\u00eda nueva (doble calzada y calzada sencilla) y la rehabilitaci\u00f3n de 72,2 kil\u00f3metros de v\u00eda existente entre Pamplona y Betania (Los Patios).<\/p>\n<p>\u201cEste proyecto presenta avance f\u00edsico de obra de 19.38 % y se ejecutan intervenciones en 84 frentes, genera 2357 empleos directos e indirectos, de los cuales el 73 % son de la regi\u00f3n\u201d, se\u00f1al\u00f3 Carlos Garc\u00eda, vicepresidente ejecutivo de la ANI.<\/p>\n","protected":false},"excerpt":{"rendered":"<p>C\u00daCUTA.- El tramo C\u00facuta-Pamplona ser\u00e1 cerrado para la circulaci\u00f3n vehicular debido a medidas de seguridad para los usuarios, mientras se avanza en los trabajos de rehabilitaci\u00f3n del corredor vial. La restricci\u00f3n comenzar\u00e1 este domingo, ir\u00e1 de las 9:00 de la noche a las 5:00 de la ma\u00f1ana, durante 19 d\u00edas. En este proyecto, en el &hellip;<\/p>\n","protected":false},"author":1,"featured_media":36055,"comment_status":"open","ping_status":"open","sticky":false,"template":"","format":"standard","meta":{"footnotes":""},"categories":[4,6],"tags":[487,5017,5018],"class_list":["post-36054","post","type-post","status-publish","format-standard","has-post-thumbnail","hentry","category-barra","category-ojo-avizor","tag-ani","tag-corredor-cucuta-pamplona","tag-union-vial-rio-pamplonita"],"_links":{"self":[{"href":"https:\/\/contraluzcucuta.co\/index.php?rest_route=\/wp\/v2\/posts\/36054","targetHints":{"allow":["GET"]}}],"collection":[{"href":"https:\/\/contraluzcucuta.co\/index.php?rest_route=\/wp\/v2\/posts"}],"about":[{"href":"https:\/\/contraluzcucuta.co\/index.php?rest_route=\/wp\/v2\/types\/post"}],"author":[{"embeddable":true,"href":"https:\/\/contraluzcucuta.co\/index.php?rest_route=\/wp\/v2\/users\/1"}],"replies":[{"embeddable":true,"href":"https:\/\/contraluzcucuta.co\/index.php?rest_route=%2Fwp%2Fv2%2Fcomments&post=36054"}],"version-history":[{"count":1,"href":"https:\/\/contraluzcucuta.co\/index.php?rest_route=\/wp\/v2\/posts\/36054\/revisions"}],"predecessor-version":[{"id":36056,"href":"https:\/\/contraluzcucuta.co\/index.php?rest_route=\/wp\/v2\/posts\/36054\/revisions\/36056"}],"wp:featuredmedia":[{"embeddable":true,"href":"https:\/\/contraluzcucuta.co\/index.php?rest_route=\/wp\/v2\/media\/36055"}],"wp:attachment":[{"href":"https:\/\/contraluzcucuta.co\/index.php?rest_route=%2Fwp%2Fv2%2Fmedia&parent=36054"}],"wp:term":[{"taxonomy":"category","embeddable":true,"href":"https:\/\/contraluzcucuta.co\/index.php?rest_route=%2Fwp%2Fv2%2Fcategories&post=36054"},{"taxonomy":"post_tag","embeddable":true,"href":"https:\/\/contraluzcucuta.co\/index.php?rest_route=%2Fwp%2Fv2%2Ftags&post=36054"}],"curies":[{"name":"wp","href":"https:\/\/api.w.org\/{rel}","templated":true}]}}