{"id":36051,"date":"2020-07-25T15:03:06","date_gmt":"2020-07-25T20:03:06","guid":{"rendered":"http:\/\/contraluzcucuta.co\/?p=36051"},"modified":"2020-07-25T15:03:06","modified_gmt":"2020-07-25T20:03:06","slug":"alerta-roja-en-cucuta-restringidas-intervenciones-quirurgicas-programadas-y-cirugias-esteticas","status":"publish","type":"post","link":"https:\/\/contraluzcucuta.co\/?p=36051","title":{"rendered":"ALERTA ROJA EN C\u00daCUTA. Restringidas intervenciones quir\u00fargicas programadas y cirug\u00edas est\u00e9ticas"},"content":{"rendered":"<p style=\"padding-left: 40px; text-align: right;\"><span style=\"color: #ff9900;\"><strong>C\u00daCUTA.-<\/strong> Luego de declarada la alerta roja en Norte de Santander, la Alcald\u00eda de C\u00facuta asumi\u00f3 una serie de decisiones para prevenir la expansi\u00f3n de la pandemia. La alarma se encendi\u00f3 en la red hospitalaria del departamento por el aumento de casos de contagiados.<\/span><\/p>\n<p>Ante la sostenibilidad del porcentaje ocupacional de las camas UCI, la Alcald\u00eda restringi\u00f3 las cirug\u00edas est\u00e9ticas y las intervenciones quir\u00fargicas programadas que no sean de car\u00e1cter urgente y que no comprometan la vida del paciente. El objetivo es no comprometer la capacidad hospitalaria y de UCI instalada.<\/p>\n<p>La Secretar\u00eda de Salud Municipal qued\u00f3 delegada para el seguimiento y la verificaci\u00f3n del cumplimiento de la medida.<\/p>\n<p>Tambi\u00e9n, la Alcald\u00eda determin\u00f3 un nuevo orden de pico y c\u00e9dula, para garantizar el normal ejercicio de las actividades en la capital del departamento.<\/p>\n<ul>\n<li>Lunes 27. C\u00e9dulas terminadas en 1 y 2<\/li>\n<li>Martes 28. C\u00e9dulas terminadas en 3 y 4<\/li>\n<li>Mi\u00e9rcoles 29. C\u00e9dulas terminadas en 5 y 6<\/li>\n<li>Jueves 30. C\u00e9dulas terminadas en 7 y 8<\/li>\n<li>Viernes 31. C\u00e9dulas terminadas en 9 y 0<\/li>\n<\/ul>\n<p>El 26 de julio, pueden salir los ciudadanos portadores de las c\u00e9dulas terminadas en 2- 4 \u2013 6 \u2013 8 y 0.<\/p>\n<p>Los habitantes de C\u00facuta deber\u00e1n utilizar, de manera obligatoria, el tapabocas en espacios p\u00fablicos. Los infractores incurrir\u00e1n en sanci\u00f3n penal.<\/p>\n<p>La Secretaria de Tr\u00e1nsito Municipal ser\u00e1 la encargada de la regularizaci\u00f3n de la circulaci\u00f3n de veh\u00edculos.<\/p>\n<p><strong>Secretario, positivo; Alcalde, negativo<\/strong><\/p>\n<p>En el momento que desde la administraci\u00f3n municipal se exped\u00eda el decreto con nuevas medidas para hacer frente a la crisis hospitalaria, se conoci\u00f3 que el secretario privado de la Alcald\u00eda, Abraham Ararat Mafla, luego de practicarse las pruebas, result\u00f3 positivo para el Convid-19.<\/p>\n<p>El funcionario est\u00e1 en casa y cumple con el aislamiento preventivo. Adem\u00e1s, atiende las recomendaciones m\u00e9dicas.<\/p>\n<p>Entre tanto, la tercera prueba practicada al alcalde Jairo Y\u00e1\u00f1ez dio negativo.<\/p>\n","protected":false},"excerpt":{"rendered":"<p>C\u00daCUTA.- Luego de declarada la alerta roja en Norte de Santander, la Alcald\u00eda de C\u00facuta asumi\u00f3 una serie de decisiones para prevenir la expansi\u00f3n de la pandemia. La alarma se encendi\u00f3 en la red hospitalaria del departamento por el aumento de casos de contagiados. Ante la sostenibilidad del porcentaje ocupacional de las camas UCI, la &hellip;<\/p>\n","protected":false},"author":1,"featured_media":36052,"comment_status":"open","ping_status":"open","sticky":false,"template":"","format":"standard","meta":{"footnotes":""},"categories":[2625,4],"tags":[226,5014,4999,4836],"class_list":["post-36051","post","type-post","status-publish","format-standard","has-post-thumbnail","hentry","category-alcaldia-de-cucuta","category-barra","tag-alcaldia-de-cucuta","tag-alerta-roja","tag-cero-coronavirus","tag-coronavirus-en-cucuta"],"_links":{"self":[{"href":"https:\/\/contraluzcucuta.co\/index.php?rest_route=\/wp\/v2\/posts\/36051","targetHints":{"allow":["GET"]}}],"collection":[{"href":"https:\/\/contraluzcucuta.co\/index.php?rest_route=\/wp\/v2\/posts"}],"about":[{"href":"https:\/\/contraluzcucuta.co\/index.php?rest_route=\/wp\/v2\/types\/post"}],"author":[{"embeddable":true,"href":"https:\/\/contraluzcucuta.co\/index.php?rest_route=\/wp\/v2\/users\/1"}],"replies":[{"embeddable":true,"href":"https:\/\/contraluzcucuta.co\/index.php?rest_route=%2Fwp%2Fv2%2Fcomments&post=36051"}],"version-history":[{"count":1,"href":"https:\/\/contraluzcucuta.co\/index.php?rest_route=\/wp\/v2\/posts\/36051\/revisions"}],"predecessor-version":[{"id":36053,"href":"https:\/\/contraluzcucuta.co\/index.php?rest_route=\/wp\/v2\/posts\/36051\/revisions\/36053"}],"wp:featuredmedia":[{"embeddable":true,"href":"https:\/\/contraluzcucuta.co\/index.php?rest_route=\/wp\/v2\/media\/36052"}],"wp:attachment":[{"href":"https:\/\/contraluzcucuta.co\/index.php?rest_route=%2Fwp%2Fv2%2Fmedia&parent=36051"}],"wp:term":[{"taxonomy":"category","embeddable":true,"href":"https:\/\/contraluzcucuta.co\/index.php?rest_route=%2Fwp%2Fv2%2Fcategories&post=36051"},{"taxonomy":"post_tag","embeddable":true,"href":"https:\/\/contraluzcucuta.co\/index.php?rest_route=%2Fwp%2Fv2%2Ftags&post=36051"}],"curies":[{"name":"wp","href":"https:\/\/api.w.org\/{rel}","templated":true}]}}