{"id":36043,"date":"2020-07-24T14:41:19","date_gmt":"2020-07-24T19:41:19","guid":{"rendered":"http:\/\/contraluzcucuta.co\/?p=36043"},"modified":"2020-07-24T14:41:19","modified_gmt":"2020-07-24T19:41:19","slug":"puesto-de-mando-unificado-alerta-roja-hospitalaria-en-norte-de-santander","status":"publish","type":"post","link":"https:\/\/contraluzcucuta.co\/?p=36043","title":{"rendered":"PUESTO DE MANDO UNIFICADO. Alerta Roja Hospitalaria en Norte de Santander"},"content":{"rendered":"<p style=\"padding-left: 40px; text-align: right;\"><span style=\"color: #ff9900;\"><strong>C\u00daCUTA.-<\/strong> El Puesto de Mando Unificado evalu\u00f3 el progreso de la pandemia en Norte de Santander y tom\u00f3 las siguientes medidas:<\/span><\/p>\n<p>1.- Declarar la Alerta Roja Hospitalaria en Norte de Santander.<\/p>\n<p>2.- Citar a la Red de UCI del departamento para hacer control y seguimiento, junto al Centro Regulador de Urgencias y Emergencias (Crue), con el fin de evaluar constantemente el avance de la pandemia y las acciones que se van a desarrollar.<\/p>\n<p>3.- Decretar toque de queda diario, de 6.00 de la tarde a 5:00 de la ma\u00f1ana, en C\u00facuta y Norte de Santander hasta el 1 de agosto, de acuerdo con el decreto presidencial.<\/p>\n<p>4.- Establecer protocolos para atenci\u00f3n primaria frente a quienes manifiesten posible contagio.<\/p>\n<p>5.- Activar los protocolos para la aplicaci\u00f3n de pruebas en los municipios, con el fin de detectar los focos y evitar la propagaci\u00f3n del virus.<\/p>\n<p>6.- El 27 de julio, se evaluar\u00e1 el confinamiento, la cuarentena en el departamento y el cierre por comunas.<\/p>\n<p>7.- Pico y c\u00e9dula de dos d\u00edgitos y pico y placa par e impar para C\u00facuta.<\/p>\n<ol start=\"8\">\n<li>Controlar y disminuir la entrada de pasajeros a la Terminal de Transportes de C\u00facuta.<\/li>\n<\/ol>\n<p>9.- Se recomienda el trabajo de 24 horas a los laboratorios p\u00fablicos y privados de la regi\u00f3n.<\/p>\n<ol start=\"10\">\n<li>Mayor vigilancia en salud p\u00fablica a los establecimientos de conglomerados.<\/li>\n<\/ol>\n","protected":false},"excerpt":{"rendered":"<p>C\u00daCUTA.- El Puesto de Mando Unificado evalu\u00f3 el progreso de la pandemia en Norte de Santander y tom\u00f3 las siguientes medidas: 1.- Declarar la Alerta Roja Hospitalaria en Norte de Santander. 2.- Citar a la Red de UCI del departamento para hacer control y seguimiento, junto al Centro Regulador de Urgencias y Emergencias (Crue), con &hellip;<\/p>\n","protected":false},"author":1,"featured_media":36044,"comment_status":"open","ping_status":"open","sticky":false,"template":"","format":"standard","meta":{"footnotes":""},"categories":[45,4],"tags":[226,5014,379,3810],"class_list":["post-36043","post","type-post","status-publish","format-standard","has-post-thumbnail","hentry","category-destacado","category-barra","tag-alcaldia-de-cucuta","tag-alerta-roja","tag-gobernacion-de-norte-de-santander","tag-puesto-de-mando-unificado"],"_links":{"self":[{"href":"https:\/\/contraluzcucuta.co\/index.php?rest_route=\/wp\/v2\/posts\/36043","targetHints":{"allow":["GET"]}}],"collection":[{"href":"https:\/\/contraluzcucuta.co\/index.php?rest_route=\/wp\/v2\/posts"}],"about":[{"href":"https:\/\/contraluzcucuta.co\/index.php?rest_route=\/wp\/v2\/types\/post"}],"author":[{"embeddable":true,"href":"https:\/\/contraluzcucuta.co\/index.php?rest_route=\/wp\/v2\/users\/1"}],"replies":[{"embeddable":true,"href":"https:\/\/contraluzcucuta.co\/index.php?rest_route=%2Fwp%2Fv2%2Fcomments&post=36043"}],"version-history":[{"count":1,"href":"https:\/\/contraluzcucuta.co\/index.php?rest_route=\/wp\/v2\/posts\/36043\/revisions"}],"predecessor-version":[{"id":36045,"href":"https:\/\/contraluzcucuta.co\/index.php?rest_route=\/wp\/v2\/posts\/36043\/revisions\/36045"}],"wp:featuredmedia":[{"embeddable":true,"href":"https:\/\/contraluzcucuta.co\/index.php?rest_route=\/wp\/v2\/media\/36044"}],"wp:attachment":[{"href":"https:\/\/contraluzcucuta.co\/index.php?rest_route=%2Fwp%2Fv2%2Fmedia&parent=36043"}],"wp:term":[{"taxonomy":"category","embeddable":true,"href":"https:\/\/contraluzcucuta.co\/index.php?rest_route=%2Fwp%2Fv2%2Fcategories&post=36043"},{"taxonomy":"post_tag","embeddable":true,"href":"https:\/\/contraluzcucuta.co\/index.php?rest_route=%2Fwp%2Fv2%2Ftags&post=36043"}],"curies":[{"name":"wp","href":"https:\/\/api.w.org\/{rel}","templated":true}]}}