{"id":36035,"date":"2020-07-22T17:24:17","date_gmt":"2020-07-22T22:24:17","guid":{"rendered":"http:\/\/contraluzcucuta.co\/?p=36035"},"modified":"2020-07-22T17:24:17","modified_gmt":"2020-07-22T22:24:17","slug":"restitucion-de-tierras-primera-sentencia-en-cachira-para-victimas-de-desplazamiento","status":"publish","type":"post","link":"https:\/\/contraluzcucuta.co\/?p=36035","title":{"rendered":"RESTITUCI\u00d3N DE TIERRAS. Primera sentencia en C\u00e1chira, para v\u00edctimas de desplazamiento"},"content":{"rendered":"<p style=\"padding-left: 40px; text-align: right;\"><span style=\"color: #ff9900;\"><strong>C\u00daCUTA.-<\/strong> El S\u00e1bado Santo del 2003, tras la bendici\u00f3n del sacerdote, y despu\u00e9s de decirles a los feligreses \u201cpueden ir en paz\u201d, la vida de Atanael Celis, su esposa Smith Garc\u00eda y sus cuatro hijos, cambi\u00f3 radicalmente. A las afueras del templo del corregimiento La Carrera (C\u00e1chira), escucharon las palabras amenazantes de alias \u2018Chiqui\u2019, comandante del Bloque Bol\u00edvar Sur que operaba en esta zona.<\/span><\/p>\n<p>En el parque del corregimiento era frecuente que el paramilitar y los lugartenientes organizaran reuniones y aprovecharan que la feligres\u00eda sal\u00eda de misa, para anunciarles las acciones que deb\u00edan desarrollar en la semana siguiente. Les anunciaban trabajos de tala, pago de extorsiones y qui\u00e9nes deb\u00edan dejar los predios. A los Celis Garc\u00eda les dieron ocho d\u00edas para abandonar dos fincas que alcanzaban las nueve hect\u00e1reas.<\/p>\n<p>El temor, el af\u00e1n y la necesidad de preservar la integridad del hogar, los llev\u00f3 a vender por $ 16 millones las tierras, con cultivos de ca\u00f1a, pl\u00e1tano, yuca, fr\u00edjol, ma\u00edz y alverja, y algunas reses y porcinos. Los recursos les sirvieron para viajar a Gir\u00f3n (Santander), a donde llegaron a casa de un familiar, quien los orient\u00f3 para buscar un espacio peque\u00f1o en arriendo.<\/p>\n<p>\u201cAll\u00e1 nos toc\u00f3 empezar de nuevo, ir de finca en finca buscando trabajo en lo que fuera y sobrevivir con nuestros hijos\u201d, coment\u00f3 Smith. Hoy, esta mujer de 62 a\u00f1os, y su esposo, de 70, sienten como un renacer y una alegr\u00eda el volver a la tierra. El mandato judicial del Tribunal Especializado de Restituci\u00f3n de Tierras profiere \u2013por primera vez- sentencia de restituci\u00f3n en C\u00e1chira.<\/p>\n<p>La sentencia indica que los predios y las casas deben ser restituidas a la familia, aspecto que contar\u00e1 con apoyo de actualizaci\u00f3n catastral por parte del Igac y acompa\u00f1amiento de la Polic\u00eda y el Ej\u00e9rcito. El d\u00eda de la entrega material est\u00e1 por definirse de acuerdo con la normatividad de la emergencia sanitaria.<\/p>\n<p>La Unidad de Restituci\u00f3n de Tierras otorgar\u00e1 un proyecto productivo que previamente tendr\u00e1 estudio de suelos para verificar qu\u00e9 es lo apropiado que se le debe asignar a la familia. Se tendr\u00e1 en cuenta su vocaci\u00f3n y los intereses, con el fin de generar empleo e ingresos en el sector rural.<\/p>\n<p>El mandato judicial indica que la Alcald\u00eda de C\u00e1chira, por medio de la Secretar\u00eda de Salud y de las Entidades Prestadoras de Salud (EPS) deber\u00e1n garantizar atenci\u00f3n sicosocial al n\u00facleo familiar, hacer valoraciones m\u00e9dicas y, de ser pertinente alg\u00fan tratamiento, brindar lo necesario para la aplicaci\u00f3n.<\/p>\n<p>El director de la Unidad de Restituci\u00f3n de Tierras Territorial Norte de Santander, Edward \u00c1lvarez, manifest\u00f3 que \u201ces un aliciente que en C\u00e1chira se haya dado la primera sentencia de restituci\u00f3n de tierras, lo que nos lleva a seguir trabajando con ah\u00ednco para lograr este tipo de resultados, no solo en este municipio sino en el resto del departamento. Sabemos de la felicidad y la satisfacci\u00f3n de esta familia, de la que haremos seguimiento para que tengan plena seguridad en el cumplimiento de su sentencia\u201d.<\/p>\n","protected":false},"excerpt":{"rendered":"<p>C\u00daCUTA.- El S\u00e1bado Santo del 2003, tras la bendici\u00f3n del sacerdote, y despu\u00e9s de decirles a los feligreses \u201cpueden ir en paz\u201d, la vida de Atanael Celis, su esposa Smith Garc\u00eda y sus cuatro hijos, cambi\u00f3 radicalmente. A las afueras del templo del corregimiento La Carrera (C\u00e1chira), escucharon las palabras amenazantes de alias \u2018Chiqui\u2019, comandante &hellip;<\/p>\n","protected":false},"author":1,"featured_media":36036,"comment_status":"open","ping_status":"open","sticky":false,"template":"","format":"standard","meta":{"footnotes":""},"categories":[4,5,36],"tags":[1214,3662],"class_list":["post-36035","post","type-post","status-publish","format-standard","has-post-thumbnail","hentry","category-barra","category-justicia-transicional","category-la-voz-del-pueblo","tag-restitucion-de-tierras","tag-urt-norte-de-santander"],"_links":{"self":[{"href":"https:\/\/contraluzcucuta.co\/index.php?rest_route=\/wp\/v2\/posts\/36035","targetHints":{"allow":["GET"]}}],"collection":[{"href":"https:\/\/contraluzcucuta.co\/index.php?rest_route=\/wp\/v2\/posts"}],"about":[{"href":"https:\/\/contraluzcucuta.co\/index.php?rest_route=\/wp\/v2\/types\/post"}],"author":[{"embeddable":true,"href":"https:\/\/contraluzcucuta.co\/index.php?rest_route=\/wp\/v2\/users\/1"}],"replies":[{"embeddable":true,"href":"https:\/\/contraluzcucuta.co\/index.php?rest_route=%2Fwp%2Fv2%2Fcomments&post=36035"}],"version-history":[{"count":1,"href":"https:\/\/contraluzcucuta.co\/index.php?rest_route=\/wp\/v2\/posts\/36035\/revisions"}],"predecessor-version":[{"id":36037,"href":"https:\/\/contraluzcucuta.co\/index.php?rest_route=\/wp\/v2\/posts\/36035\/revisions\/36037"}],"wp:featuredmedia":[{"embeddable":true,"href":"https:\/\/contraluzcucuta.co\/index.php?rest_route=\/wp\/v2\/media\/36036"}],"wp:attachment":[{"href":"https:\/\/contraluzcucuta.co\/index.php?rest_route=%2Fwp%2Fv2%2Fmedia&parent=36035"}],"wp:term":[{"taxonomy":"category","embeddable":true,"href":"https:\/\/contraluzcucuta.co\/index.php?rest_route=%2Fwp%2Fv2%2Fcategories&post=36035"},{"taxonomy":"post_tag","embeddable":true,"href":"https:\/\/contraluzcucuta.co\/index.php?rest_route=%2Fwp%2Fv2%2Ftags&post=36035"}],"curies":[{"name":"wp","href":"https:\/\/api.w.org\/{rel}","templated":true}]}}