{"id":36016,"date":"2020-07-17T17:03:50","date_gmt":"2020-07-17T22:03:50","guid":{"rendered":"http:\/\/contraluzcucuta.co\/?p=36016"},"modified":"2020-07-17T17:03:50","modified_gmt":"2020-07-17T22:03:50","slug":"aislamiento-obligatorio-puente-festivo-con-toque-de-queda-en-norte-de-santander","status":"publish","type":"post","link":"https:\/\/contraluzcucuta.co\/?p=36016","title":{"rendered":"AISLAMIENTO OBLIGATORIO. Puente festivo con toque de queda en Norte de Santander"},"content":{"rendered":"<p style=\"padding-left: 40px; text-align: right;\"><span style=\"color: #ff9900;\"><strong>C\u00daCUTA.-<\/strong> Los nortesantandereanos pasar\u00e1n guardados en casa el punto festivo del 20 de julio. As\u00ed lo determin\u00f3 la Gobernaci\u00f3n al declarar el toque de queda por medio del Decreto 598, expedido este viernes. La medida complementa la pr\u00f3rroga del Aislamiento Preventivo Obligatorio que rige para el departamento hasta el primero de agosto.<\/span><\/p>\n<p>La disposici\u00f3n oficial proh\u00edbe el desplazamiento y la circulaci\u00f3n en los 40 municipios entre las 6:00 de la tarde y las 5:00 de la ma\u00f1ana, del 17 al 21 de julio.<\/p>\n<p>El decreto contempla algunas de las excepciones para garantizar la seguridad, la atenci\u00f3n en salud y la atenci\u00f3n a las emergencias.<\/p>\n<p>1.- Fuerza p\u00fablica, Ministerio P\u00fablico, Defensa Civil, Cruz Roja, Defensor\u00eda del Pueblo, Cuerpo de Bomberos, Contralor\u00eda General de la Rep\u00fablica, Rama Judicial, Fiscal\u00eda General de la Naci\u00f3n.<\/p>\n<p>2.- Trabajadores que prestan servicios en turnos nocturnos.<\/p>\n<p>3.- Personal de vigilancia privada y celadur\u00eda.<\/p>\n<p>4.- Veh\u00edculos en emergencia m\u00e9dica. Servidores p\u00fablicos y contratistas relacionados con atenci\u00f3n de la emergencia.<\/p>\n<p>5.- Personal sanitario, ambulancias, veh\u00edculos de atenci\u00f3n prehospitalaria y de distribuci\u00f3n de medicamentos a domicilio.<\/p>\n<p>6.- Persnal operativo y administrativo de terminales a\u00e9reos y terrestres, y viajeros que tengan viajes intermunicipales programados.<\/p>\n<p>7.- Veh\u00edculos y personal de empresas concesionarias de aseo.<\/p>\n<p>8.- Veh\u00edculos de servicio p\u00fablico.<\/p>\n<p>9.- Empleados de empresas de servicios p\u00fablicos domiciliarios.<\/p>\n<p>10.- Veh\u00edculos de transporte de carga, de alimentos y de bienes perecederos.<\/p>\n","protected":false},"excerpt":{"rendered":"<p>C\u00daCUTA.- Los nortesantandereanos pasar\u00e1n guardados en casa el punto festivo del 20 de julio. As\u00ed lo determin\u00f3 la Gobernaci\u00f3n al declarar el toque de queda por medio del Decreto 598, expedido este viernes. La medida complementa la pr\u00f3rroga del Aislamiento Preventivo Obligatorio que rige para el departamento hasta el primero de agosto. La disposici\u00f3n oficial &hellip;<\/p>\n","protected":false},"author":1,"featured_media":36017,"comment_status":"open","ping_status":"open","sticky":false,"template":"","format":"standard","meta":{"footnotes":""},"categories":[4,2630],"tags":[4878,379,5007],"class_list":["post-36016","post","type-post","status-publish","format-standard","has-post-thumbnail","hentry","category-barra","category-gobernacion","tag-aislamiento-preventivo","tag-gobernacion-de-norte-de-santander","tag-toque-de-queda"],"_links":{"self":[{"href":"https:\/\/contraluzcucuta.co\/index.php?rest_route=\/wp\/v2\/posts\/36016","targetHints":{"allow":["GET"]}}],"collection":[{"href":"https:\/\/contraluzcucuta.co\/index.php?rest_route=\/wp\/v2\/posts"}],"about":[{"href":"https:\/\/contraluzcucuta.co\/index.php?rest_route=\/wp\/v2\/types\/post"}],"author":[{"embeddable":true,"href":"https:\/\/contraluzcucuta.co\/index.php?rest_route=\/wp\/v2\/users\/1"}],"replies":[{"embeddable":true,"href":"https:\/\/contraluzcucuta.co\/index.php?rest_route=%2Fwp%2Fv2%2Fcomments&post=36016"}],"version-history":[{"count":1,"href":"https:\/\/contraluzcucuta.co\/index.php?rest_route=\/wp\/v2\/posts\/36016\/revisions"}],"predecessor-version":[{"id":36018,"href":"https:\/\/contraluzcucuta.co\/index.php?rest_route=\/wp\/v2\/posts\/36016\/revisions\/36018"}],"wp:featuredmedia":[{"embeddable":true,"href":"https:\/\/contraluzcucuta.co\/index.php?rest_route=\/wp\/v2\/media\/36017"}],"wp:attachment":[{"href":"https:\/\/contraluzcucuta.co\/index.php?rest_route=%2Fwp%2Fv2%2Fmedia&parent=36016"}],"wp:term":[{"taxonomy":"category","embeddable":true,"href":"https:\/\/contraluzcucuta.co\/index.php?rest_route=%2Fwp%2Fv2%2Fcategories&post=36016"},{"taxonomy":"post_tag","embeddable":true,"href":"https:\/\/contraluzcucuta.co\/index.php?rest_route=%2Fwp%2Fv2%2Ftags&post=36016"}],"curies":[{"name":"wp","href":"https:\/\/api.w.org\/{rel}","templated":true}]}}