{"id":36010,"date":"2020-07-16T17:45:48","date_gmt":"2020-07-16T22:45:48","guid":{"rendered":"http:\/\/contraluzcucuta.co\/?p=36010"},"modified":"2020-07-16T17:45:48","modified_gmt":"2020-07-16T22:45:48","slug":"ministerio-de-educacion-en-salazar-cucuta-y-cucutilla-repararan-instituciones-educativas","status":"publish","type":"post","link":"https:\/\/contraluzcucuta.co\/?p=36010","title":{"rendered":"MINISTERIO DE EDUCACI\u00d3N. En Salazar, C\u00facuta y Cucutilla reparar\u00e1n instituciones educativas"},"content":{"rendered":"<p style=\"padding-left: 40px; text-align: right;\"><span style=\"color: #ff9900;\">En Salazar, C\u00facuta y Cucutilla se adelantan obras correspondientes al paquete de 557 colegios oficiales para reparar el deterioro f\u00edsico por uso o desgaste en aulas, comedores y residencias escolares. El Gobierno invertir\u00e1 $ 170.000 millones en este programa con el que se busca atender a ni\u00f1os y j\u00f3venes de las zonas rurales.<\/span><\/p>\n<p>Para la puesta en marcha del plan se abri\u00f3 la convocatoria para que las entidades territoriales postularan los establecimientos que requieren intervenci\u00f3n de mejoramiento en aulas, bater\u00edas sanitarias, laboratorios, comedores, cocinas e internados.<\/p>\n<p>La ministra de Educaci\u00f3n, Mar\u00eda Victoria Angulo, destac\u00f3 que \u201ciniciamos toda una apuesta jur\u00eddica para lograr reactivar las obras que hab\u00edan tenido problemas en cumplimientos, pero en paralelo, el Presidente le dio prioridad a la infraestructura rural\u201d.<\/p>\n<p>En la convocatoria hacen parte el Fondo de Financiamiento para la Infraestructura Educativa (FFIE) y la Financiera de Desarrollo Territorial S.A (Findeter). La propuesta se encuentra en fase de visitas t\u00e9cnicas a las instituciones educativas oficiales postuladas para acceder a la convocatoria de mejoramientos en colegios de zonas rurales del pa\u00eds.<\/p>\n<p>Entre los criterios para la asignaci\u00f3n de las obras se contemplan colegios ubicados en zonas con mayor \u00cdndice de Pobreza Multidimensional (IPM) y con Mayores Necesidades B\u00e1sicas Insatisfechas (NBI), los municipios localizados en las zonas con Programas de Desarrollo con Enfoque Territorial (PDET), en las zonas m\u00e1s afectadas por la violencia y en municipios de frontera, entre otros.<\/p>\n<p>Se dio inicio a 20 obras en:<\/p>\n<p>1.- Bol\u00edvar: Magangu\u00e9, San Juan Nepomuceno, Mar\u00eda La Baja, Cicuco, C\u00f3rdoba, y Hatillo de Loba<\/p>\n<p>2.- Norte de Santander: Salazar, C\u00facuta y Cucutilla<\/p>\n<p>3.- Antioquia: Ciudad Bol\u00edvar, San Pedro, Urrao y Caicedo<\/p>\n<p>4.- Cundinamarca: Guasca, La Calera y Ubal\u00e1<\/p>\n<p>5.- Cauca: Sotar\u00e1.<\/p>\n<p>\u201cCon estas obras estaremos llevando, adem\u00e1s de bienestar a las sedes educativas, generaci\u00f3n de empleos directos e indirectos en las regiones rurales, aportando en la reactivaci\u00f3n de la econom\u00eda y a la adecuaci\u00f3n de instalaciones para el regreso a clases en alternancia\u201d, destac\u00f3 la titular de la Cartera Educativa.<\/p>\n","protected":false},"excerpt":{"rendered":"<p>En Salazar, C\u00facuta y Cucutilla se adelantan obras correspondientes al paquete de 557 colegios oficiales para reparar el deterioro f\u00edsico por uso o desgaste en aulas, comedores y residencias escolares. El Gobierno invertir\u00e1 $ 170.000 millones en este programa con el que se busca atender a ni\u00f1os y j\u00f3venes de las zonas rurales. Para la &hellip;<\/p>\n","protected":false},"author":1,"featured_media":36014,"comment_status":"open","ping_status":"open","sticky":false,"template":"","format":"standard","meta":{"footnotes":""},"categories":[4,32],"tags":[3312,5006,3830,1254],"class_list":["post-36010","post","type-post","status-publish","format-standard","has-post-thumbnail","hentry","category-barra","category-recorrido-por-la-region","tag-cucutilla","tag-educacion-rural","tag-ministerio-de-educacion","tag-salazar-de-las-palmas"],"_links":{"self":[{"href":"https:\/\/contraluzcucuta.co\/index.php?rest_route=\/wp\/v2\/posts\/36010","targetHints":{"allow":["GET"]}}],"collection":[{"href":"https:\/\/contraluzcucuta.co\/index.php?rest_route=\/wp\/v2\/posts"}],"about":[{"href":"https:\/\/contraluzcucuta.co\/index.php?rest_route=\/wp\/v2\/types\/post"}],"author":[{"embeddable":true,"href":"https:\/\/contraluzcucuta.co\/index.php?rest_route=\/wp\/v2\/users\/1"}],"replies":[{"embeddable":true,"href":"https:\/\/contraluzcucuta.co\/index.php?rest_route=%2Fwp%2Fv2%2Fcomments&post=36010"}],"version-history":[{"count":1,"href":"https:\/\/contraluzcucuta.co\/index.php?rest_route=\/wp\/v2\/posts\/36010\/revisions"}],"predecessor-version":[{"id":36015,"href":"https:\/\/contraluzcucuta.co\/index.php?rest_route=\/wp\/v2\/posts\/36010\/revisions\/36015"}],"wp:featuredmedia":[{"embeddable":true,"href":"https:\/\/contraluzcucuta.co\/index.php?rest_route=\/wp\/v2\/media\/36014"}],"wp:attachment":[{"href":"https:\/\/contraluzcucuta.co\/index.php?rest_route=%2Fwp%2Fv2%2Fmedia&parent=36010"}],"wp:term":[{"taxonomy":"category","embeddable":true,"href":"https:\/\/contraluzcucuta.co\/index.php?rest_route=%2Fwp%2Fv2%2Fcategories&post=36010"},{"taxonomy":"post_tag","embeddable":true,"href":"https:\/\/contraluzcucuta.co\/index.php?rest_route=%2Fwp%2Fv2%2Ftags&post=36010"}],"curies":[{"name":"wp","href":"https:\/\/api.w.org\/{rel}","templated":true}]}}