{"id":35982,"date":"2020-07-10T12:22:50","date_gmt":"2020-07-10T17:22:50","guid":{"rendered":"http:\/\/contraluzcucuta.co\/?p=35982"},"modified":"2020-07-10T12:22:50","modified_gmt":"2020-07-10T17:22:50","slug":"alianza-empresarial-alcaldia-agravia-a-comerciantes-con-delimitacion-del-espacio-publico","status":"publish","type":"post","link":"https:\/\/contraluzcucuta.co\/?p=35982","title":{"rendered":"ALIANZA EMPRESARIAL. Alcald\u00eda agravia a comerciantes con delimitaci\u00f3n del espacio p\u00fablico"},"content":{"rendered":"<p style=\"padding-left: 40px; text-align: right;\"><span style=\"color: #ff9900;\"><strong>C\u00daCUTA.-<\/strong> La Gran Alianza Empresarial (Corpogae) expres\u00f3 descontento por la delimitaci\u00f3n del espacio p\u00fablico para vendedores ambulantes, en el centro de la ciudad. La posici\u00f3n del gremio est\u00e1 sustentada en carta abierta dirigida al alcalde Jairo Y\u00e1\u00f1ez en los siguientes t\u00e9rminos:<\/span><\/p>\n<p>1.- Los hechos unilaterales por parte de la administraci\u00f3n municipal, tendientes a delimitar, demarcar y adjudicar el espacio p\u00fablico con destinaci\u00f3n a algunos vendedores ambulantes informales y vendedores informales estacionarios son un agravio para la comunidad de empresarios y comerciantes formales de esta zona c\u00e9ntrica de la ciudad, sobre quienes recae la carga tributaria actual y futura.<\/p>\n<p>2.- Esta medida vaticina el incremento de la crisis econ\u00f3mica soportada durante la pandemia por el sector formal, que trata de reactivarse con esfuerzos econ\u00f3micos y humanos que no son correspondidos por el municipio de C\u00facuta\u035f. Los empresarios formales se ver\u00e1n abocados a sacar los productos a la calle para competir en franca lid con los informales estacionarios, que han sido premiados por la administraci\u00f3n.<\/p>\n<p>3.- Los 11.065 establecimientos comerciales que ejercen actividades en la zona c\u00e9ntrica y que generaban 28.000 empleos formales se ver\u00e1n en la obligaci\u00f3n de rescindir los contratos de arrendamiento.<\/p>\n<p>4.- El hecho de premiar a la informalidad promueve la ilegalidad, las bandas criminales y el lavado de activos que se escudan en estas personas humildes y generan inseguridad en la ciudad, contrario a empoderar al empresariado formal que fomenta el empleo y la sostenibilidad de la econom\u00eda.<\/p>\n<p>Corpogae busca un trabajo articulado con canales de di\u00e1logo permanente para el fortalecimiento del sector empresarial. Este es el \u00fanico medio posible para mitigar la informalidad y reducir las tasas de desempleo y de crisis econ\u00f3mica existentes en la ciudad.<\/p>\n<p>Las propuestas propenden por la creaci\u00f3n de espacios necesarios para las unidades productivas que garanticen la calidad de vida de los vendedores informales en la zona c\u00e9ntrica.<\/p>\n<p>\u201cReiteramos que nuestro actuar es ser propositivos\u201d, se\u00f1alaron los empresarios. Ante la urgencia inminente de evitar acciones de hecho por la comunidad empresarial, solicitaron, en un tiempo perentorio, \u201cgenerar el espacio de discusi\u00f3n y socializaci\u00f3n para lograr el entendimiento y subsanar los posibles efectos adversos que se puedan presentar al corto plazo\u201d.<\/p>\n<p>La carta est\u00e1 firmada por \u00c1lvaro Escobar Ram\u00edrez, director ejecutivo, y Wuilman Tarazona, presidente de la junta directiva.<\/p>\n","protected":false},"excerpt":{"rendered":"<p>C\u00daCUTA.- La Gran Alianza Empresarial (Corpogae) expres\u00f3 descontento por la delimitaci\u00f3n del espacio p\u00fablico para vendedores ambulantes, en el centro de la ciudad. La posici\u00f3n del gremio est\u00e1 sustentada en carta abierta dirigida al alcalde Jairo Y\u00e1\u00f1ez en los siguientes t\u00e9rminos: 1.- Los hechos unilaterales por parte de la administraci\u00f3n municipal, tendientes a delimitar, demarcar &hellip;<\/p>\n","protected":false},"author":1,"featured_media":35983,"comment_status":"open","ping_status":"open","sticky":false,"template":"","format":"standard","meta":{"footnotes":""},"categories":[2625,4],"tags":[226,4996,4997],"class_list":["post-35982","post","type-post","status-publish","format-standard","has-post-thumbnail","hentry","category-alcaldia-de-cucuta","category-barra","tag-alcaldia-de-cucuta","tag-corpogae","tag-gran-alianza-empresarial"],"_links":{"self":[{"href":"https:\/\/contraluzcucuta.co\/index.php?rest_route=\/wp\/v2\/posts\/35982","targetHints":{"allow":["GET"]}}],"collection":[{"href":"https:\/\/contraluzcucuta.co\/index.php?rest_route=\/wp\/v2\/posts"}],"about":[{"href":"https:\/\/contraluzcucuta.co\/index.php?rest_route=\/wp\/v2\/types\/post"}],"author":[{"embeddable":true,"href":"https:\/\/contraluzcucuta.co\/index.php?rest_route=\/wp\/v2\/users\/1"}],"replies":[{"embeddable":true,"href":"https:\/\/contraluzcucuta.co\/index.php?rest_route=%2Fwp%2Fv2%2Fcomments&post=35982"}],"version-history":[{"count":1,"href":"https:\/\/contraluzcucuta.co\/index.php?rest_route=\/wp\/v2\/posts\/35982\/revisions"}],"predecessor-version":[{"id":35984,"href":"https:\/\/contraluzcucuta.co\/index.php?rest_route=\/wp\/v2\/posts\/35982\/revisions\/35984"}],"wp:featuredmedia":[{"embeddable":true,"href":"https:\/\/contraluzcucuta.co\/index.php?rest_route=\/wp\/v2\/media\/35983"}],"wp:attachment":[{"href":"https:\/\/contraluzcucuta.co\/index.php?rest_route=%2Fwp%2Fv2%2Fmedia&parent=35982"}],"wp:term":[{"taxonomy":"category","embeddable":true,"href":"https:\/\/contraluzcucuta.co\/index.php?rest_route=%2Fwp%2Fv2%2Fcategories&post=35982"},{"taxonomy":"post_tag","embeddable":true,"href":"https:\/\/contraluzcucuta.co\/index.php?rest_route=%2Fwp%2Fv2%2Ftags&post=35982"}],"curies":[{"name":"wp","href":"https:\/\/api.w.org\/{rel}","templated":true}]}}