{"id":35979,"date":"2020-07-08T17:00:08","date_gmt":"2020-07-08T22:00:08","guid":{"rendered":"http:\/\/contraluzcucuta.co\/?p=35979"},"modified":"2020-07-08T17:00:08","modified_gmt":"2020-07-08T22:00:08","slug":"luz-verde-plan-piloto-despegara-desde-el-camilo-daza","status":"publish","type":"post","link":"https:\/\/contraluzcucuta.co\/?p=35979","title":{"rendered":"LUZ VERDE. Plan piloto despegar\u00e1 desde el Camilo Daza"},"content":{"rendered":"<p style=\"padding-left: 40px; text-align: right;\"><span style=\"color: #ff9900;\"><strong>C\u00daCUTA.-<\/strong> El vuelo entre los aeropuertos Palonegro, ubicado en Lebrija, y que sirve a Bucaramanga, y Camilo Daza, en C\u00facuta, marcar\u00e1 el reinicio de las labores \u00e1reas en el pa\u00eds. \u00a0El plan piloto de vuelos nacionales fue anunciado por el presidente Iv\u00e1n Duque.<\/span><\/p>\n<p>Aunque a\u00fan no se ha definido la fecha en la que iniciar\u00e1 la operaci\u00f3n de los vuelos, el Gobierno dio la luz verde para empezar lo m\u00e1s pronto posible y de acuerdo con la implementaci\u00f3n de los protocolos de bioseguridad.<\/p>\n<p>En el plan se probar\u00e1n los siguientes aspectos:<\/p>\n<p>1.- Llegada al aeropuerto dos horas antes<\/p>\n<p>2.- Manejo de equipaje<\/p>\n<p>3.- Distanciamiento social<\/p>\n<p>4.- Medici\u00f3n de temperatura.<\/p>\n<p>El ministro de Salud, Fernando Ruiz, se\u00f1al\u00f3 que el plan piloto de vuelos nacionales es importante para establecer el manejo de los aeropuertos y los protocolos para estar dentro de los aviones. &#8220;Fue un an\u00e1lisis juicioso con apoyo de la Aerocivil y de los aeropuertos\u201d, dijo.<\/p>\n<p>Tambi\u00e9n, se pretende que los aeropuertos de Medell\u00edn y Rionegro hagan parte de este plan piloto de vuelos nacionales.<\/p>\n<p>Semanas atr\u00e1s, varios alcaldes, en articulaci\u00f3n con el Gobierno, iniciaron el trabajo para adelantar los pilotos con los que se pretende reabrir los aeropuertos. Cuando inici\u00f3 el plan, las autoridades nacionales indicaron que lo ideal es comenzar con aeropuertos ubicados en ciudades que tengan porcentaje bajo de contagios.<\/p>\n","protected":false},"excerpt":{"rendered":"<p>C\u00daCUTA.- El vuelo entre los aeropuertos Palonegro, ubicado en Lebrija, y que sirve a Bucaramanga, y Camilo Daza, en C\u00facuta, marcar\u00e1 el reinicio de las labores \u00e1reas en el pa\u00eds. \u00a0El plan piloto de vuelos nacionales fue anunciado por el presidente Iv\u00e1n Duque. Aunque a\u00fan no se ha definido la fecha en la que iniciar\u00e1 &hellip;<\/p>\n","protected":false},"author":1,"featured_media":35980,"comment_status":"open","ping_status":"open","sticky":false,"template":"","format":"standard","meta":{"footnotes":""},"categories":[45,4],"tags":[2796,189,4995,4994],"class_list":["post-35979","post","type-post","status-publish","format-standard","has-post-thumbnail","hentry","category-destacado","category-barra","tag-aerocivil","tag-aeropuerto-camilo-daza","tag-transporte-aereo","tag-vuelos-nacionales"],"_links":{"self":[{"href":"https:\/\/contraluzcucuta.co\/index.php?rest_route=\/wp\/v2\/posts\/35979","targetHints":{"allow":["GET"]}}],"collection":[{"href":"https:\/\/contraluzcucuta.co\/index.php?rest_route=\/wp\/v2\/posts"}],"about":[{"href":"https:\/\/contraluzcucuta.co\/index.php?rest_route=\/wp\/v2\/types\/post"}],"author":[{"embeddable":true,"href":"https:\/\/contraluzcucuta.co\/index.php?rest_route=\/wp\/v2\/users\/1"}],"replies":[{"embeddable":true,"href":"https:\/\/contraluzcucuta.co\/index.php?rest_route=%2Fwp%2Fv2%2Fcomments&post=35979"}],"version-history":[{"count":1,"href":"https:\/\/contraluzcucuta.co\/index.php?rest_route=\/wp\/v2\/posts\/35979\/revisions"}],"predecessor-version":[{"id":35981,"href":"https:\/\/contraluzcucuta.co\/index.php?rest_route=\/wp\/v2\/posts\/35979\/revisions\/35981"}],"wp:featuredmedia":[{"embeddable":true,"href":"https:\/\/contraluzcucuta.co\/index.php?rest_route=\/wp\/v2\/media\/35980"}],"wp:attachment":[{"href":"https:\/\/contraluzcucuta.co\/index.php?rest_route=%2Fwp%2Fv2%2Fmedia&parent=35979"}],"wp:term":[{"taxonomy":"category","embeddable":true,"href":"https:\/\/contraluzcucuta.co\/index.php?rest_route=%2Fwp%2Fv2%2Fcategories&post=35979"},{"taxonomy":"post_tag","embeddable":true,"href":"https:\/\/contraluzcucuta.co\/index.php?rest_route=%2Fwp%2Fv2%2Ftags&post=35979"}],"curies":[{"name":"wp","href":"https:\/\/api.w.org\/{rel}","templated":true}]}}