{"id":35976,"date":"2020-07-06T17:10:50","date_gmt":"2020-07-06T22:10:50","guid":{"rendered":"http:\/\/contraluzcucuta.co\/?p=35976"},"modified":"2020-07-06T17:10:50","modified_gmt":"2020-07-06T22:10:50","slug":"dia-sin-iva-en-cucuta-buena-facturacion-en-almacenes-de-electrodomesticos","status":"publish","type":"post","link":"https:\/\/contraluzcucuta.co\/?p=35976","title":{"rendered":"DIA SIN IVA. En C\u00facuta, buena facturaci\u00f3n en almacenes de electrodom\u00e9sticos"},"content":{"rendered":"<p style=\"padding-left: 40px; text-align: right;\"><span style=\"color: #ff9900;\"><strong>C\u00daCUTA.-<\/strong> La segunda jornada sin IVA mantuvo en C\u00facuta buena facturaci\u00f3n en almacenes de electrodom\u00e9sticos, diferentes a las grandes cadenas. Este rengl\u00f3n tuvo importante demanda, a pesar de que la venta fue inferior, comparativamente, con la del 19 de junio.<\/span><\/p>\n<p>En los centros comerciales el tr\u00e1fico estuvo entre el 20 % y el 30 % del aforo. En confecciones, algunas marcas nacionales manifestaron haber vendido el doble de la primera jornada de exenci\u00f3n del IVA. Destac\u00f3 el comportamiento de los compradores y la colaboraci\u00f3n de la Polic\u00eda.<\/p>\n<p>El calzado, sobre el cual Fenalco hab\u00eda anunciado que tendr\u00eda repunte en ventas en la jornada, la expectativa no se cumpli\u00f3.<\/p>\n<p>El presidente nacional de Fenalco dijo que los resultados de la actividad servir\u00e1n para entender los problemas que el comercio electr\u00f3nico presenta en Colombia. Estas son algunas conclusiones:<\/p>\n<p>1.- El comercio electr\u00f3nico en Colombia debe sufrir ajustes, porque las plataformas electr\u00f3nicas deben mejorar.<\/p>\n<p>2.- La facturaci\u00f3n electr\u00f3nica demora los tiempos de visitas y atenci\u00f3n de las ventas<\/p>\n<p>3.- La Federaci\u00f3n solicitar\u00e1 al Gobierno, para el 2021, que los d\u00edas sin IVA sean d\u00edas de ventas, de tal manera que al d\u00eda subsiguiente los comercios se dediquen a facturar.<\/p>\n<p>4.- Muchas empresas tuvieron que frenar la venta para hacer los ajustes en la facturaci\u00f3n electr\u00f3nica<\/p>\n<p>5.- Las compras en algunos grandes formatos manten\u00edan cola de pedido grande.<\/p>\n<p>Al cierre de la jornada se lleg\u00f3 a los 5,3 millones de transacciones.<\/p>\n","protected":false},"excerpt":{"rendered":"<p>C\u00daCUTA.- La segunda jornada sin IVA mantuvo en C\u00facuta buena facturaci\u00f3n en almacenes de electrodom\u00e9sticos, diferentes a las grandes cadenas. Este rengl\u00f3n tuvo importante demanda, a pesar de que la venta fue inferior, comparativamente, con la del 19 de junio. En los centros comerciales el tr\u00e1fico estuvo entre el 20 % y el 30 % &hellip;<\/p>\n","protected":false},"author":1,"featured_media":35977,"comment_status":"open","ping_status":"open","sticky":false,"template":"","format":"standard","meta":{"footnotes":""},"categories":[4,6],"tags":[4984,378],"class_list":["post-35976","post","type-post","status-publish","format-standard","has-post-thumbnail","hentry","category-barra","category-ojo-avizor","tag-dia-sin-iva","tag-fenalco"],"_links":{"self":[{"href":"https:\/\/contraluzcucuta.co\/index.php?rest_route=\/wp\/v2\/posts\/35976","targetHints":{"allow":["GET"]}}],"collection":[{"href":"https:\/\/contraluzcucuta.co\/index.php?rest_route=\/wp\/v2\/posts"}],"about":[{"href":"https:\/\/contraluzcucuta.co\/index.php?rest_route=\/wp\/v2\/types\/post"}],"author":[{"embeddable":true,"href":"https:\/\/contraluzcucuta.co\/index.php?rest_route=\/wp\/v2\/users\/1"}],"replies":[{"embeddable":true,"href":"https:\/\/contraluzcucuta.co\/index.php?rest_route=%2Fwp%2Fv2%2Fcomments&post=35976"}],"version-history":[{"count":1,"href":"https:\/\/contraluzcucuta.co\/index.php?rest_route=\/wp\/v2\/posts\/35976\/revisions"}],"predecessor-version":[{"id":35978,"href":"https:\/\/contraluzcucuta.co\/index.php?rest_route=\/wp\/v2\/posts\/35976\/revisions\/35978"}],"wp:featuredmedia":[{"embeddable":true,"href":"https:\/\/contraluzcucuta.co\/index.php?rest_route=\/wp\/v2\/media\/35977"}],"wp:attachment":[{"href":"https:\/\/contraluzcucuta.co\/index.php?rest_route=%2Fwp%2Fv2%2Fmedia&parent=35976"}],"wp:term":[{"taxonomy":"category","embeddable":true,"href":"https:\/\/contraluzcucuta.co\/index.php?rest_route=%2Fwp%2Fv2%2Fcategories&post=35976"},{"taxonomy":"post_tag","embeddable":true,"href":"https:\/\/contraluzcucuta.co\/index.php?rest_route=%2Fwp%2Fv2%2Ftags&post=35976"}],"curies":[{"name":"wp","href":"https:\/\/api.w.org\/{rel}","templated":true}]}}