{"id":35970,"date":"2020-07-06T14:19:11","date_gmt":"2020-07-06T19:19:11","guid":{"rendered":"http:\/\/contraluzcucuta.co\/?p=35970"},"modified":"2020-07-06T17:42:02","modified_gmt":"2020-07-06T22:42:02","slug":"futuroexpo-el-abc-para-exportar-desde-norte-de-santander-para-el-mundo","status":"publish","type":"post","link":"https:\/\/contraluzcucuta.co\/?p=35970","title":{"rendered":"FUTUROEXPO. El ABC para exportar desde Norte de Santander para el mundo"},"content":{"rendered":"<p style=\"padding-left: 40px; text-align: right;\"><span style=\"color: #ff9900;\"><strong>C\u00daCUTA.-<\/strong> El encuentro virtual Futurexpo Norte de Santander espera la asistencia de m\u00e1s de 200 empresarios del departamento. Los participantes en la actividad, que se cumplir\u00e1 el 8 de julio, recibir\u00e1n los conocimientos principales para internacionalizar sus productos.<\/span><\/p>\n<p>ProColombia contin\u00faa con el objetivo de promover la oferta exportadora del pa\u00eds en los mercados internacionales. Ofrecer\u00e1 este espacio virtual dirigido a empresas, emprendedores y estudiantes para que conozcan sobre la cultura de internacionalizaci\u00f3n. Adem\u00e1s, se abordar\u00e1n la importancia de la econom\u00eda naranja y la inversi\u00f3n extranjera como mecanismo para crecimiento y expansi\u00f3n de las empresas.<\/p>\n<p>\u201cEn Norte de Santander hemos identificado gran variedad de oportunidades de exportaci\u00f3n en el sector de Agroalimentos\u201d, afirm\u00f3 Juliana Villegas, vicepresidenta de Exportaciones de ProColombia. Aceites y grasas; azucares y mieles; bebidas alcoh\u00f3licas y no alcoh\u00f3licas; cacao y caf\u00e9; derivados del caf\u00e9; carnes; especias; frutas frescas y hortalizas procesadas, entre otros productos, son los detectados en el departamento.<\/p>\n<p>En otros campos destacan:<\/p>\n<p>1.- Industrias 4.0. Software empresarial \u2013 CRM \u2013 ERP \u2013 RRHH, software retail y software salud.<\/p>\n<p>2.- Metalmec\u00e1nica y otras industrias. Aparatos el\u00e9ctricos, art\u00edculos del hogar e industriales, autopartes, cemento, manufacturas de hierro o acero, maquinaria agr\u00edcola.<\/p>\n<p>3.- Qu\u00edmicos y Ciencias de la Vida. Envases y empaques.<\/p>\n<p>4.- Sistema Moda. Calzado, confecciones y manufacturas de cuero.<\/p>\n<p>\u201cPor eso, acompa\u00f1amos al departamento para que sus bienes y servicios puedan llegar a mercados extranjeros y conozcan los beneficios de vincularse al proceso, ya que la internacionalizaci\u00f3n y los negocios siguen adelante\u201d, dijo Villegas.<\/p>\n<p>Entre enero y abril, Norte de Santander registr\u00f3 14,7 millones de d\u00f3lares en exportaciones no minero energ\u00e9ticas. Los principales compradores fueron Ecuador, Venezuela y Espa\u00f1a. Los productos vendidos fueron aceites y grasas; materiales de construcci\u00f3n; frutas y hortalizas frescas y procesadas, y empaques o envases.<\/p>\n<p>Para continuar por este camino, la entidad decidi\u00f3 abarcar esta regi\u00f3n del pa\u00eds por medio de las plataformas virtuales, con el fin de promover la internacionalizaci\u00f3n de bienes y servicios.<\/p>\n<p>Durante la jornada virtual habr\u00e1 charlas sobre innovaci\u00f3n, liderazgo y emprendimiento. Se contar\u00e1 con el espacio Caf\u00e9 con Ideas, en el que los participantes conocer\u00e1n a fondo sobre comercio exterior.<\/p>\n<p>La \u00faltima edici\u00f3n de Futurexpo Norte de Santander cont\u00f3 con la asistencia de 152 empresarios. En siete puntos de informaci\u00f3n, se ofrecieron temas de inter\u00e9s de internacionalizaci\u00f3n por parte de la DIAN, Superintendencia de Industria y Comercio, Fondo Emprender y Federaci\u00f3n Nacional de Cafeteros, entre otros.<\/p>\n<p>Los encuentros regionales se llevar\u00e1n a cabo de manera virtual en los 32 departamentos, con el fin de acompa\u00f1ar a los participantes en la b\u00fasqueda de nuevos mercados en el exterior. Futurexpo Virtual llegar\u00e1 pr\u00f3ximamente a Arauca, Putumayo y Atl\u00e1ntico.<\/p>\n","protected":false},"excerpt":{"rendered":"<p>C\u00daCUTA.- El encuentro virtual Futurexpo Norte de Santander espera la asistencia de m\u00e1s de 200 empresarios del departamento. Los participantes en la actividad, que se cumplir\u00e1 el 8 de julio, recibir\u00e1n los conocimientos principales para internacionalizar sus productos. ProColombia contin\u00faa con el objetivo de promover la oferta exportadora del pa\u00eds en los mercados internacionales. Ofrecer\u00e1 &hellip;<\/p>\n","protected":false},"author":1,"featured_media":35971,"comment_status":"open","ping_status":"open","sticky":false,"template":"","format":"standard","meta":{"footnotes":""},"categories":[4,32],"tags":[4991,4992],"class_list":["post-35970","post","type-post","status-publish","format-standard","has-post-thumbnail","hentry","category-barra","category-recorrido-por-la-region","tag-futurexpo","tag-procolombia"],"_links":{"self":[{"href":"https:\/\/contraluzcucuta.co\/index.php?rest_route=\/wp\/v2\/posts\/35970","targetHints":{"allow":["GET"]}}],"collection":[{"href":"https:\/\/contraluzcucuta.co\/index.php?rest_route=\/wp\/v2\/posts"}],"about":[{"href":"https:\/\/contraluzcucuta.co\/index.php?rest_route=\/wp\/v2\/types\/post"}],"author":[{"embeddable":true,"href":"https:\/\/contraluzcucuta.co\/index.php?rest_route=\/wp\/v2\/users\/1"}],"replies":[{"embeddable":true,"href":"https:\/\/contraluzcucuta.co\/index.php?rest_route=%2Fwp%2Fv2%2Fcomments&post=35970"}],"version-history":[{"count":1,"href":"https:\/\/contraluzcucuta.co\/index.php?rest_route=\/wp\/v2\/posts\/35970\/revisions"}],"predecessor-version":[{"id":35972,"href":"https:\/\/contraluzcucuta.co\/index.php?rest_route=\/wp\/v2\/posts\/35970\/revisions\/35972"}],"wp:featuredmedia":[{"embeddable":true,"href":"https:\/\/contraluzcucuta.co\/index.php?rest_route=\/wp\/v2\/media\/35971"}],"wp:attachment":[{"href":"https:\/\/contraluzcucuta.co\/index.php?rest_route=%2Fwp%2Fv2%2Fmedia&parent=35970"}],"wp:term":[{"taxonomy":"category","embeddable":true,"href":"https:\/\/contraluzcucuta.co\/index.php?rest_route=%2Fwp%2Fv2%2Fcategories&post=35970"},{"taxonomy":"post_tag","embeddable":true,"href":"https:\/\/contraluzcucuta.co\/index.php?rest_route=%2Fwp%2Fv2%2Ftags&post=35970"}],"curies":[{"name":"wp","href":"https:\/\/api.w.org\/{rel}","templated":true}]}}