{"id":35947,"date":"2020-06-29T20:05:14","date_gmt":"2020-06-30T01:05:14","guid":{"rendered":"http:\/\/contraluzcucuta.co\/?p=35947"},"modified":"2020-06-29T20:05:14","modified_gmt":"2020-06-30T01:05:14","slug":"dias-sin-iva-llaman-a-gobernadores-y-alcaldes-a-suspender-venta-presencial-de-electrodomesticos","status":"publish","type":"post","link":"https:\/\/contraluzcucuta.co\/?p=35947","title":{"rendered":"D\u00cdAS SIN IVA. Llaman a gobernadores y alcaldes a suspender venta presencial de electrodom\u00e9sticos"},"content":{"rendered":"<p style=\"padding-left: 40px; text-align: right;\"><span style=\"color: #ff9900;\"><strong>BOGOT\u00c1.-<\/strong> Suspender, el 3 y 19 de julio, la venta presencial de electrodom\u00e9sticos, computadores y equipos de comunicaciones, solicitaron los ministerios de Comercio, Industria y Turismo y del Interior a gobernadores y alcaldes. La medida sanitaria preventiva y de control deber\u00e1 aplicarse en los establecimientos de comercio considerados grandes superficies.<\/span><\/p>\n<p>El llamado se hace para evitar las aglomeraciones ocurridas en el primer d\u00eda sin IVA en el pa\u00eds y para prevenir la propagaci\u00f3n de la pandemia en las ciudades. \u201cEs preciso que las autoridades locales adopten medidas extraordinarias, estrictas y urgentes complementarias a las dictadas\u201d, dijo la ministra del Interior, Alicia Arango Olmos.<\/p>\n<p>Las instrucciones que adopten o expidan las autoridades territoriales deber\u00e1n ser coordinadas con el Ministerio del Interior y guardar concordancia con las instrucciones dadas por el presidente Iv\u00e1n Duque en materia de conservaci\u00f3n del orden p\u00fablico y garantizar la vida y la salud de los colombianos\u201d.<\/p>\n<p>Otras medidas para los siguientes d\u00edas sin IVA ser\u00e1n:<\/p>\n<p>1.- Que el retiro de los productos adquiridos de manera virtual se programe en las tiendas dentro de las dos semanas siguientes.<\/p>\n<p>2.- Las autoridades territoriales podr\u00e1n fijar franjas horarias para la comercializaci\u00f3n de determinados productos y objetos, establecer horarios por g\u00e9nero o c\u00e9dula para los compradores y permitir la operaci\u00f3n de los establecimientos comerciales 24 horas.<\/p>\n<p>3.- Adoptar y garantizar el estricto cumplimiento de los protocolos de bioseguridad generales.<\/p>\n<p>4.- El ministerio de Salud y Protecci\u00f3n Social podr\u00e1 emitir restricciones adicionales en departamentos y municipios considerados altamente afectados.<\/p>\n<p>5.- Gobernaciones y alcald\u00edas deber\u00e1n asegurarse de que los comerciantes que ejerzan la actividad econ\u00f3mica relativa a los bienes cubiertos cumplan los protocolos expedidos por el Ministerio de Salud y Protecci\u00f3n Social.<\/p>\n<p>6.- Imponer de manera inmediata las sanciones a las que haya lugar por incumplimiento, como cierre del establecimiento.<\/p>\n<p>7.- Establecer campa\u00f1as masivas y claras que permitan que los compradores confluyan a los centros comerciales, teniendo definidos sus roles.<\/p>\n<p>8.- Promover la disciplina social, la cultura ciudadana, el uso correcto del tapabocas, el autocuidado y el de la comunidad, el mantenimiento de las distancias seguras, el autocuidado y disciplina personal.<\/p>\n<p>9.- Promover la aplicaci\u00f3n de medidas de prevenci\u00f3n y contenci\u00f3n del contagio.<\/p>\n<p>10.- Informar y capacitar a los trabajadores y poner a su disposici\u00f3n las gu\u00edas del ministerio de Salud y Protecci\u00f3n Social, en todo lo relacionado con la prevenci\u00f3n.<\/p>\n","protected":false},"excerpt":{"rendered":"<p>BOGOT\u00c1.- Suspender, el 3 y 19 de julio, la venta presencial de electrodom\u00e9sticos, computadores y equipos de comunicaciones, solicitaron los ministerios de Comercio, Industria y Turismo y del Interior a gobernadores y alcaldes. La medida sanitaria preventiva y de control deber\u00e1 aplicarse en los establecimientos de comercio considerados grandes superficies. El llamado se hace para &hellip;<\/p>\n","protected":false},"author":1,"featured_media":35948,"comment_status":"open","ping_status":"open","sticky":false,"template":"","format":"standard","meta":{"footnotes":""},"categories":[4,39],"tags":[4984,3807,4248,1907],"class_list":["post-35947","post","type-post","status-publish","format-standard","has-post-thumbnail","hentry","category-barra","category-miradas-ajenas","tag-dia-sin-iva","tag-ministerio-de-comercio-y-turismo","tag-ministerio-de-salud","tag-ministerio-del-interior"],"_links":{"self":[{"href":"https:\/\/contraluzcucuta.co\/index.php?rest_route=\/wp\/v2\/posts\/35947","targetHints":{"allow":["GET"]}}],"collection":[{"href":"https:\/\/contraluzcucuta.co\/index.php?rest_route=\/wp\/v2\/posts"}],"about":[{"href":"https:\/\/contraluzcucuta.co\/index.php?rest_route=\/wp\/v2\/types\/post"}],"author":[{"embeddable":true,"href":"https:\/\/contraluzcucuta.co\/index.php?rest_route=\/wp\/v2\/users\/1"}],"replies":[{"embeddable":true,"href":"https:\/\/contraluzcucuta.co\/index.php?rest_route=%2Fwp%2Fv2%2Fcomments&post=35947"}],"version-history":[{"count":1,"href":"https:\/\/contraluzcucuta.co\/index.php?rest_route=\/wp\/v2\/posts\/35947\/revisions"}],"predecessor-version":[{"id":35949,"href":"https:\/\/contraluzcucuta.co\/index.php?rest_route=\/wp\/v2\/posts\/35947\/revisions\/35949"}],"wp:featuredmedia":[{"embeddable":true,"href":"https:\/\/contraluzcucuta.co\/index.php?rest_route=\/wp\/v2\/media\/35948"}],"wp:attachment":[{"href":"https:\/\/contraluzcucuta.co\/index.php?rest_route=%2Fwp%2Fv2%2Fmedia&parent=35947"}],"wp:term":[{"taxonomy":"category","embeddable":true,"href":"https:\/\/contraluzcucuta.co\/index.php?rest_route=%2Fwp%2Fv2%2Fcategories&post=35947"},{"taxonomy":"post_tag","embeddable":true,"href":"https:\/\/contraluzcucuta.co\/index.php?rest_route=%2Fwp%2Fv2%2Ftags&post=35947"}],"curies":[{"name":"wp","href":"https:\/\/api.w.org\/{rel}","templated":true}]}}