{"id":35942,"date":"2020-06-29T18:16:24","date_gmt":"2020-06-29T23:16:24","guid":{"rendered":"http:\/\/contraluzcucuta.co\/?p=35942"},"modified":"2020-06-29T18:34:49","modified_gmt":"2020-06-29T23:34:49","slug":"mano-a-mano-con-rogger-villada-en-colombia-hay-mucho-talento-y-pocas-oportunidades","status":"publish","type":"post","link":"https:\/\/contraluzcucuta.co\/?p=35942","title":{"rendered":"MANO A MANO CON ROGGER VILLADA. \u201cEn Colombia hay mucho talento y pocas oportunidades\u201d"},"content":{"rendered":"<p style=\"padding-left: 40px; text-align: right;\"><span style=\"color: #ff9900;\"><strong>C\u00daCUTA.-<\/strong> \u2018Nadie es profeta en su tierra\u2019, ni tampoco se sabe, muchas veces, del valor de algo hasta que el experto opina. Son estas reflexiones las que llevan a pensar si los frutos cosechados son aprovechados. El cucute\u00f1o Rogger Villada es ejemplo de lo dicho y Malta, archipi\u00e9lago en el Mediterr\u00e1neo Central, entre Sicilia y la costa de \u00c1frica del Norte, es donde empez\u00f3 a cristalizar su sue\u00f1o.<\/span><\/p>\n<p><strong>\u00bfEn qu\u00e9 parte de C\u00facuta creci\u00f3?<\/strong><\/p>\n<p><em>&#8211; En Montebello (Los Patios).<\/em><\/p>\n<p><strong>\u00bfQu\u00e9 recuerdos tiene de su infancia?<\/strong><\/p>\n<p><em>&#8211; Aquellos momentos los recuerdo con cari\u00f1o, porque estaba en C\u00facuta. Jugaba f\u00fatbol hasta la 1:00, 2:00 de la ma\u00f1ana. Apost\u00e1bamos la gaseosa en desaf\u00edos con otros ni\u00f1os.<\/em><\/p>\n<p><strong>\u00bfSus primeros entrenamientos d\u00f3nde los cumpli\u00f3?<\/strong><\/p>\n<p><em>&#8211; En Bucaramanga. Nos hab\u00edamos trasladado all\u00e1 por razones laborales y familiares. Estaba todav\u00eda ni\u00f1o cuando inici\u00e9 en la escuela de Ecopetrol, hac\u00eda parte de un proyecto sobre f\u00fatbol.<\/em><\/p>\n<p><strong>\u00bfC\u00f3mo lleg\u00f3 a los Zipas, filial del C\u00facuta Deportivo en Bogot\u00e1?<\/strong><\/p>\n<p><em>&#8211; Llegamos con las ganas de aprender y crecer como profesionales. En ese momento no pod\u00edamos llamarnos C\u00facuta Deportivo B, la raz\u00f3n era porque para llevar ese nombre ten\u00edamos que estar en la ciudad. El encargado de las divisiones menores hizo un acuerdo con los Zipas, club de Zipaquir\u00e1 y as\u00ed se hizo el convenio. Jug\u00e1bamos con uniforme del C\u00facuta y otro de los Zipas, que tambi\u00e9n ten\u00eda el logo del club.<\/em><\/p>\n<p><strong>\u00bfQui\u00e9n lo dirig\u00eda en ese momento en el club motil\u00f3n?<\/strong><\/p>\n<p><em>&#8211; Nos dirig\u00eda el profesor Diego Rodr\u00edguez Sierra, lo hizo por a\u00f1o y medio. Luego, estuvo el profesor Johan y despu\u00e9s, cuando se hizo el convenio con los Zipas, cambi\u00f3 todo.<\/em><\/p>\n<p><strong>\u00bfAprendi\u00f3 en ese paso por el equipo rojinegro?<\/strong><\/p>\n<p><em>&#8211; S\u00ed. Aprend\u00ed a pensar como jugador profesional. Entren\u00e1bamos y ve\u00edamos al equipo profesional y eso nos generaba una especie de meta sobre c\u00f3mo llegar a trabajar a la par con ellos, su pensamiento, su manera de ver el f\u00fatbol y su alimentaci\u00f3n. Todo era un cambio cuando se hace parte de las fuerzas b\u00e1sicas en el C\u00facuta.<\/em><\/p>\n<p><strong>\u00bfEn alg\u00fan momento alcanz\u00f3 a jugar o a entrenar con el plantel profesional?<\/strong><\/p>\n<p><em>&#8211; No. Era un anhelo debutar con el equipo profesional, solo entren\u00e9 tres veces. Me qued\u00f3 esa espinita en el coraz\u00f3n.<\/em><\/p>\n<p><strong>\u00bfSu paso por el C\u00facuta lo vivi\u00f3 como un sue\u00f1o?<\/strong><\/p>\n<p><em>&#8211; S\u00ed. Es el equipo de la ciudad donde nac\u00ed. Todo jugador sue\u00f1a con entrenar o competir en el club de su pueblo natal. La verdad, s\u00ed, lo viv\u00ed como un sue\u00f1o.<\/em><\/p>\n<p><strong>\u00bfRecibi\u00f3 propuesta para tener contrato profesional con el once \u00a0\u00a0\u00a0\u00a0\u00a0\u00a0\u00a0\u00a0\u00a0\u00a0\u00a0\u00a0\u00a0rojinegro?<\/strong><\/p>\n<p><em>&#8211; No. Siento que me falt\u00f3 esa oportunidad. Era un buen grupo. Lo m\u00e1s cerca era cuando jugaban y uno iba a observarlos, los saludaba y tambi\u00e9n a la directiva.<\/em><\/p>\n<p><strong>\u00bfC\u00f3mo lleg\u00f3 al St. Georges, en Malta?<\/strong><\/p>\n<p><em>&#8211; Jugaba en la categor\u00eda Sub 20 del C\u00facuta Deportivo, particip\u00e1bamos en la Liga de Bogot\u00e1 y el profesor Cesar Moreno, quien nos dirig\u00eda en aquel momento, ten\u00eda un amigo empresario, se lleg\u00f3 a un acuerdo mutuo y as\u00ed surgi\u00f3 la posibilidad de ir a Malta.<\/em><\/p>\n<p><strong>\u00bfQue lo sedujo para ir al viejo continente?<\/strong><\/p>\n<p><em>&#8211; Desde el momento que le dicen sobre la posibilidad de jugar f\u00fatbol profesional, de debutar, eso a uno lo motiva, uno trabaja todos los d\u00edas desde peque\u00f1o en las fuerzas b\u00e1sicas, conceptos y dominio del bal\u00f3n. Ah\u00ed te das cuenta de que con esfuerzo viene la recompensa. La disciplina lo es todo. Al principio no se pudo por cuestiones exteriores y cuando se volvi\u00f3 a dar la oportunidad hab\u00eda m\u00e1s garant\u00edas y me qued\u00e9.<\/em><\/p>\n<p><strong>\u00bfFue dura la adaptaci\u00f3n a la cultura y al idioma?<\/strong><\/p>\n<p><em>&#8211; S\u00ed. Es un poco complicado, porque son nacionalistas. El idioma todav\u00eda se me hace complejo adaptarme, es una mezcla entre \u00e1rabe, italiano e ingl\u00e9s. Esos idiomas conforman el malt\u00e9s.<\/em><\/p>\n<p><strong>\u00bfC\u00f3mo es el nivel competitivo?<\/strong><\/p>\n<p><em>&#8211; Son competitivos. Para los extranjeros depende del equipo. Tienen l\u00edmites de incluir o que jueguen extranjeros en cada partido. Si va a un equipo de primera divisi\u00f3n, solo puede tener tres extranjeros en cancha y pueden contratarse cinco. Si van 26 jugadores a probar y solo son 5 cupos, eso lo hace exigente y competitivo.<\/em><\/p>\n<p><strong>\u00bfEn su proceso tiene distinciones?<\/strong><\/p>\n<p><em>&#8211; Tengo tres. Mejor jugador extranjero en la categor\u00eda juvenil, subcampe\u00f3n juvenil sub 20 y campe\u00f3n con el equipo profesional en segunda divisi\u00f3n.<\/em><\/p>\n<p><strong>\u00bfCu\u00e1les son sus caracter\u00edsticas?<\/strong><\/p>\n<p><em>&#8211; Juego como defensa central; tambi\u00e9n, como lateral derecho. Tengo buena recepci\u00f3n del juego, buen pie para pases largos, jugar a la espalda del rival, buen juego a\u00e9reo.<\/em><\/p>\n<p><strong>\u00bfLe gustar\u00eda regresar a Colombia?<\/strong><\/p>\n<p><em>&#8211; S\u00ed. Me gustar\u00eda jugar en mi pa\u00eds, independientemente del equipo, a uno le palpita el coraz\u00f3n m\u00e1s cuando uno compite en su tierra.<\/em><\/p>\n<p><strong>\u00bfSue\u00f1a con estar en Selecci\u00f3n Colombia?<\/strong><\/p>\n<p><em>&#8211; Creo que el sue\u00f1o de todo jugador es representar en alg\u00fan momento a su pa\u00eds en la selecci\u00f3n. Me gustar\u00eda, me preparo todos los d\u00edas para eso y lo sue\u00f1o.<\/em><\/p>\n<p><strong>\u00bfCu\u00e1les son sus planes?<\/strong><\/p>\n<p><em>&#8211; Por el momento pienso quedarme a jugar en Europa. Si se da la posibilidad en otro club, en otra Liga, sea dentro o fuera del viejo continente, ser\u00eda interesante. Lo importante es jugar, tener minutos.<\/em><\/p>\n<p><strong>\u00bfCree que en Colombia hay pocas oportunidades para los jugadores j\u00f3venes?<\/strong><\/p>\n<p><em>&#8211; Creo que son limitadas las oportunidades para los juveniles. En el pa\u00eds hay mucho talento y en gran cantidad se pierden esos deportistas. Quisiera que los j\u00f3venes tuvieran m\u00e1s opciones. A veces no hay dinero para ir a probar en otras ciudades. Siempre el tema econ\u00f3mico influye.<\/em><\/p>\n<p><strong>\u00bfSi C\u00facuta lo llama dir\u00eda que s\u00ed?<\/strong><\/p>\n<ul>\n<li><em>S\u00ed. Lo tengo claro, si el equipo me llama en alg\u00fan momento pienso que ser\u00eda imposible decir que no. Me gustar\u00eda vestir la camiseta de la ciudad donde nac\u00ed.<\/em><\/li>\n<\/ul>\n<p><strong>\u00bfC\u00f3mo afronta los malos momentos?<\/strong><\/p>\n<p><em>&#8211; Cuando se pierde un juego es de acuerdo como se perdi\u00f3. Si sali\u00f3 derrotado con las botas puestas, si luch\u00f3, si intent\u00f3, fue guerrero todo el juego queda el mal sabor, porque sigue siendo perdida, pero tiene tranquilidad al saber que se hizo lo posible. Cuando perdemos por la superioridad del rival, prefiero estar en silencio, no hablar, pensar en lo que pod\u00eda haber hecho. Me gusta estar solo, me alejo del mundo para reflexionar.<\/em><\/p>\n<p><strong>\u00bfC\u00f3mo podemos describir a Rogger?<\/strong><\/p>\n<ul>\n<li><em>Soy alegre, siempre con la risa, son pocas las veces que me veo de malhumor, soy buena gente, ayudo cuando es el momento y si existe la posibilidad, soy buen compa\u00f1ero y con eso me identifican en el campo.<\/em><\/li>\n<\/ul>\n<p><strong>JORDY ORLANDO CRUZ<\/strong><\/p>\n","protected":false},"excerpt":{"rendered":"<p>C\u00daCUTA.- \u2018Nadie es profeta en su tierra\u2019, ni tampoco se sabe, muchas veces, del valor de algo hasta que el experto opina. Son estas reflexiones las que llevan a pensar si los frutos cosechados son aprovechados. El cucute\u00f1o Rogger Villada es ejemplo de lo dicho y Malta, archipi\u00e9lago en el Mediterr\u00e1neo Central, entre Sicilia y &hellip;<\/p>\n","protected":false},"author":1,"featured_media":35946,"comment_status":"open","ping_status":"open","sticky":false,"template":"","format":"standard","meta":{"footnotes":""},"categories":[4,28],"tags":[4983,4075],"class_list":["post-35942","post","type-post","status-publish","format-standard","has-post-thumbnail","hentry","category-barra","category-vistazo-deportivo","tag-futbol","tag-mano-a-mano-con"],"_links":{"self":[{"href":"https:\/\/contraluzcucuta.co\/index.php?rest_route=\/wp\/v2\/posts\/35942","targetHints":{"allow":["GET"]}}],"collection":[{"href":"https:\/\/contraluzcucuta.co\/index.php?rest_route=\/wp\/v2\/posts"}],"about":[{"href":"https:\/\/contraluzcucuta.co\/index.php?rest_route=\/wp\/v2\/types\/post"}],"author":[{"embeddable":true,"href":"https:\/\/contraluzcucuta.co\/index.php?rest_route=\/wp\/v2\/users\/1"}],"replies":[{"embeddable":true,"href":"https:\/\/contraluzcucuta.co\/index.php?rest_route=%2Fwp%2Fv2%2Fcomments&post=35942"}],"version-history":[{"count":1,"href":"https:\/\/contraluzcucuta.co\/index.php?rest_route=\/wp\/v2\/posts\/35942\/revisions"}],"predecessor-version":[{"id":35945,"href":"https:\/\/contraluzcucuta.co\/index.php?rest_route=\/wp\/v2\/posts\/35942\/revisions\/35945"}],"wp:featuredmedia":[{"embeddable":true,"href":"https:\/\/contraluzcucuta.co\/index.php?rest_route=\/wp\/v2\/media\/35946"}],"wp:attachment":[{"href":"https:\/\/contraluzcucuta.co\/index.php?rest_route=%2Fwp%2Fv2%2Fmedia&parent=35942"}],"wp:term":[{"taxonomy":"category","embeddable":true,"href":"https:\/\/contraluzcucuta.co\/index.php?rest_route=%2Fwp%2Fv2%2Fcategories&post=35942"},{"taxonomy":"post_tag","embeddable":true,"href":"https:\/\/contraluzcucuta.co\/index.php?rest_route=%2Fwp%2Fv2%2Ftags&post=35942"}],"curies":[{"name":"wp","href":"https:\/\/api.w.org\/{rel}","templated":true}]}}