{"id":35921,"date":"2020-06-23T14:30:39","date_gmt":"2020-06-23T19:30:39","guid":{"rendered":"http:\/\/contraluzcucuta.co\/?p=35921"},"modified":"2020-06-27T12:54:30","modified_gmt":"2020-06-27T17:54:30","slug":"crisis-en-venezuela-un-golpe-en-la-puerta-y-desaparecen-las-detenciones-secretas-silencian-a-los-criticos","status":"publish","type":"post","link":"https:\/\/contraluzcucuta.co\/?p=35921","title":{"rendered":"CRISIS EN VENEZUELA. Un golpe en la puerta y desaparecen: las detenciones secretas silencian a los cr\u00edticos"},"content":{"rendered":"<ul>\n<li style=\"list-style-type: none;\">\n<ul>\n<li style=\"text-align: right;\"><span style=\"color: #ff9900;\"><em>Cientos de desapariciones forzadas juegan un papel cr\u00edtico en los esfuerzos del r\u00e9gimen para amordazar a los opositores y propagar el miedo, seg\u00fan un nuevo informe.<\/em><\/span><\/li>\n<\/ul>\n<\/li>\n<\/ul>\n<p>&nbsp;<\/p>\n<p>Una multitud de agentes del gobierno de Venezuela ingresaron al hogar con armas, pero sin orden judicial y se llevaron a Ariana Granadillo. Durante la semana que sigui\u00f3 la confinaron, golpearon, interrogaron y casi la ahogaron. Despu\u00e9s la dejaron irse casi tan intempestivamente como se la llevaron.<\/p>\n<p>Su hermana la busc\u00f3 durante d\u00edas, incapaz de sacarles informaci\u00f3n a los funcionarios. A Granadillo, entonces de 21 a\u00f1os, sus captores le dijeron que eran agentes de contrainteligencia. \u201cNunca, nunca, nunca, nunca me involucr\u00e9 en nada de pol\u00edtica\u201d, dijo en una entrevista, pero pronto se enter\u00f3 de que su calvario no era inusual.<\/p>\n<p>Las detenciones secretas, conocidas legalmente como \u201cdesapariciones forzadas\u201d, juegan un papel central en los esfuerzos cada vez m\u00e1s autoritarios del gobierno venezolano para controlar a su poblaci\u00f3n, desalentar a la disidencia y castigar a sus oponentes, seg\u00fan un nuevo informe de dos grupos de derechos humanos que consigui\u00f3 en exclusiva The New York Times.<\/p>\n<p>El reporte, publicado el viernes, documenta 200 casos similares en 2018 y 524 el a\u00f1o pasado, un alza que atribuye al incremento de protestas conforme Venezuela ha soportado sucesivas crisis econ\u00f3micas y pol\u00edticas y la respuesta represora del gobierno. Fue producido por Foro Penal, un grupo venezolano que lleva un registro meticuloso de los casos, y Robert F. Kennedy Human Rights, una organizaci\u00f3n sin fines de lucro con sede en Washington, D.C.<\/p>\n<p>Los investigadores documentaron numerosos secuestros en los que las autoridades llegaron en veh\u00edculos no identificados, no mostraron identificaci\u00f3n ni \u00f3rdenes judiciales, confiscaron celulares y computadoras y dijeron poco al esposar y cubrir la cabeza de los detenidos. M\u00e1s del 20 por ciento de las v\u00edctimas reportaron haber sido torturados durante el cautiverio.<\/p>\n<p>Con el derecho internacional como gu\u00eda, estos grupos definieron las desapariciones forzadas como aquellas detenciones que duraron dos o m\u00e1s d\u00edas y en las que, a diferencia de una detenci\u00f3n ordinaria, las autoridades estatales se negaron a proveer informaci\u00f3n sobre el paradero de las personas.<\/p>\n<p>El informe se a\u00f1ade a un gran cuerpo de evidencia de violaciones de derechos humanos cometidas por el presidente Nicol\u00e1s Maduro y sus aliados, entre las que se cuentan reportes generalizados de tortura y un an\u00e1lisis de Naciones Unidas de que las fuerzas de seguridad venezolanas han cometido miles de ejecuciones extrajudiciales.<\/p>\n<p>El gobierno no respondi\u00f3 a una carta en la que se le solicit\u00f3 comentario.<\/p>\n<p>Las desapariciones forzadas son consideradas como un crimen contra la humanidad bajo el derecho internacional si se comprueba que suceden de manera sistem\u00e1tica. Los autores del reporte sobre Venezuela dicen que la pr\u00e1ctica es \u201cuna de las m\u00e1s graves y crueles violaciones a los derechos humanos\u201d porque deja a las v\u00edctimas \u201cen un estado de absoluta indefensi\u00f3n\u201d.<\/p>\n<p>La t\u00e1ctica recuerda a las de las dictaduras latinoamericanas de derecha a las que Maduro y su antecesor, Hugo Ch\u00e1vez se opusieron desde siempre. Argentina y Chile fueron conocidas por detener \u2014y a menudo asesinar\u2014a personas en los a\u00f1os 70 y 80.<\/p>\n<p>El nuevo an\u00e1lisis encontr\u00f3 que en Venezuela la desaparici\u00f3n promedio dur\u00f3 poco m\u00e1s de cinco d\u00edas, lo que sugiere que el gobierno buscaba sembrar miedo y al mismo tiempo evitar el escrutinio que podr\u00edan generar las detenciones a largo plazo y gran escala.<\/p>\n<p>Las motivaciones detr\u00e1s de las desapariciones parecen variar, de acuerdo a las entrevistas llevadas a cabo por Foro Penal e incluyen extraer informaci\u00f3n, acallar a los disidentes o remover temporalmente a los opositores de la esfera p\u00fablica. El a\u00f1o pasado 49 personas desaparecieron tras lo que el reporte llam\u00f3 \u201cprotestas debido a las fallas en los servicios b\u00e1sicos\u201d, como el agua o la electricidad.<\/p>\n<p>El gobierno de Maduro tambi\u00e9n podr\u00eda estar utilizando a mujeres como Granadillo como fichas de negociaci\u00f3n, al llevarse en ocasiones a las amadas en un intento de aterrorizar a sus parejas.<\/p>\n<p>Su \u00fanica falta aparente, dijo Granadillo, era que el primo segundo de su pap\u00e1 era un coronel a quien el gobierno percib\u00eda como oponente pol\u00edtico.<\/p>\n<p>Granadillo, estudiante de medicina, fue secuestrada la primera vez en febrero de 2018, cuando viv\u00eda en la casa del coronel en las afueras de Caracas, cerca del hospital donde iba a empezar una pasant\u00eda.<\/p>\n<p>Los agentes que irrumpieron exigieron que ella y una prima los acompa\u00f1aran para interrogarlas, las subieron a un auto blanco, las esposaron y \u201cnos hicieron saber que de ah\u00ed en adelante eran due\u00f1os de nuestras vidas\u201d, dijo ella.<\/p>\n<p>La llevaron, a ciegas, a un edificio del que sal\u00eda m\u00fasica estruendosa, la empujaron a un ba\u00f1o y la amenazaron con una navaja, mientras le preguntaban sobre la ubicaci\u00f3n del coronel. Ella y su prima pasaron la noche ah\u00ed, donde las obligaron a hacer sus necesidades frente a uno de los captores.<\/p>\n<p>\u201cLa m\u00fasica sub\u00eda y bajaba de volumen\u201d, dijo, \u201clo que permit\u00eda en momentos escuchar los gritos de otras personas a las que evidentemente se les estaba torturando\u201d.<\/p>\n<p>Los siguientes d\u00edas, los agentes la obligaron a firmar un documento \u201cen el que promet\u00edamos no divulgar todos los abusos\u201d y la dejaron irse. Dos d\u00edas despu\u00e9s inici\u00f3 su pasant\u00eda, empe\u00f1ada en terminar la carrera de medicina.<\/p>\n<p>Pero tres meses despu\u00e9s, los agentes volvieron. Esta vez era de ma\u00f1ana y estaba en la cama. Subieron a Granadillo y a sus padres a un taxi sin placas y con vidrios polarizados, les ataron las manos y los encapucharon para llevarlos a otra casa.<\/p>\n<p>Despu\u00e9s de que la interrogaron y golpearon, dijo, pas\u00f3 la noche en una celda bajo las escaleras. Al d\u00eda siguiente los agentes le dieron agua y un poco de comida y \u201crecalcaron que nadie sab\u00eda ni siquiera que est\u00e1bamos secuestrados\u201d, dijo. Una agente se le acerc\u00f3.<\/p>\n<p>\u201cMe vio a los ojos y sin mediar palabra sac\u00f3 una bolsa del pu\u00f1o y la coloc\u00f3 en mi cara, cubri\u00e9ndola completamente. Uno de los hombres aguantaba mis piernas y mis manos estaban detr\u00e1s de mi espalda, inm\u00f3viles, atadas\u201d<\/p>\n<p>Incapaz de respirar bajo el pl\u00e1stico, \u201cme desesper\u00e9 tan r\u00e1pido que en segundos ya sent\u00eda la asfixia\u201d.<\/p>\n<p>En ocasiones pod\u00eda escuchar que los agentes golpeaban e interrogaban a su pap\u00e1.<\/p>\n<p>Una semana m\u00e1s tarde, los oficiales dejaron a Granadillo y sus padres en un camino de Caracas, dijo. Eventualmente huyeron del pa\u00eds y ahora viven en un peque\u00f1o pueblo de Colombia.<\/p>\n<p>Sin sus documentos acad\u00e9micos, no ha podido proseguir con sus estudios de medicina. Muchos de sus amigos de Venezuela se han distanciado por miedo a las represalias del gobierno. Tiene 23 a\u00f1os y ha cambiado para siempre, dijo, temerosa de que toquen a la puerta, ansiosa constantemente, batallando contra una profunda depresi\u00f3n.<\/p>\n<p>Extra\u00f1a \u201cla inocencia que ten\u00eda antes de lo que pas\u00e9\u201d, dijo. \u201cPorque yo descubr\u00ed una maldad en el ser humano que no sab\u00eda que exist\u00eda\u201d.<\/p>\n<p>Maduro ha dado un giro completo desde sus d\u00edas estudiantiles como activista que denunciaba las violaciones de derechos humanos perpetradas por los gobiernos venezolanos pro-estadounidenses durante la Guerra Fr\u00eda.<\/p>\n<p>Cuando su mentor, Ch\u00e1vez, lleg\u00f3 al poder en 1999, el nuevo gobierno de izquierda jur\u00f3 acabar con los abusos del sistema previo y crear una sociedad democr\u00e1tica e igualitaria. En cambio, Ch\u00e1vez mand\u00f3 a prisi\u00f3n a sus oponentes selectivamente para neutralizar a los rivales y consolidar su poder.<\/p>\n<p>Esta persecuci\u00f3n dirigida dio paso al uso sistem\u00e1tico del miedo y la represi\u00f3n, dicen los defensores de derechos humanos, despu\u00e9s de la muerte de Ch\u00e1vez en 2013, cuando Maduro tom\u00f3 el poder.<\/p>\n<p>Y seg\u00fan el nuevo informe, las desapariciones forzadas se convirtieron en herramientas para debilitar a los rivales como Gilber Caro, un carism\u00e1tico legislador de oposici\u00f3n. Las fuerzas de seguridad lo han encarcelado tres veces desde inicios de 2017, a pesar de su inmunidad parlamentaria.<\/p>\n<p>En total, Caro ha pasado casi dos a\u00f1os en prisi\u00f3n, a menudo en lugares desconocidos para sus familiares o abogados, sin que se le haya condenado por ning\u00fan crimen.<\/p>\n<p>En los breves periodos de libertad entre desapariciones, Caro le cont\u00f3 a sus amigos de la tortura y abuso a que fue sometido en manos de las fuerzas de seguridad y continu\u00f3 su trabajo social y deberes parlamentarios.<\/p>\n<p>Pero las personas cercanas dicen que la tortura, las privaciones carcelarias y el dolor de vivir bajo la amenaza constante de un secuestro traumatizaron a Caro. El a\u00f1o pasado se hab\u00eda convertido en un hombre callado e introspectivo que batallaba para seguir una conversaci\u00f3n en eventos p\u00fablicos.<\/p>\n<p>La \u00faltima vez que lo detuvo la polic\u00eda de operaciones especiales fue en diciembre. No se supo su paradero hasta un mes despu\u00e9s, cuando en una corte cerrada y sin defensa legal se le acus\u00f3 de terrorismo. Sigue en prisi\u00f3n a la espera de juicio.<\/p>\n<p>El Grupo de Trabajo para las Desapariciones Forzadas de Naciones Unidas le ha solicitado al gobierno de Venezuela acceso para que sus miembros visiten y eval\u00faen el uso de la pr\u00e1ctica en el pa\u00eds.<\/p>\n<p>\u201cEstamos esperando\u201d dijo Bernard Duhaime, integrante del grupo, \u201cque ellos nos dejen entrar\u201d.<\/p>\n<p><strong>JULIE TURKEWITZ<\/strong><\/p>\n<p>Jefa del bur\u00f3 de los Andes, que cubre Colombia, Venezuela, Bolivia, Ecuador, Per\u00fa, Surinam y Guyana. Antes de mudarse a Am\u00e9rica del Sur, fue corresponsal de temas nacionales y cubri\u00f3 el oeste de Estados Unidos. @julieturkewitz<\/p>\n<p>Report\u00f3 desde Bogot\u00e1<\/p>\n<p><strong>ANATOLY KURMANAEV<\/strong><\/p>\n<p>Report\u00f3 desde Caracas<\/p>\n","protected":false},"excerpt":{"rendered":"<p>Cientos de desapariciones forzadas juegan un papel cr\u00edtico en los esfuerzos del r\u00e9gimen para amordazar a los opositores y propagar el miedo, seg\u00fan un nuevo informe. &nbsp; Una multitud de agentes del gobierno de Venezuela ingresaron al hogar con armas, pero sin orden judicial y se llevaron a Ariana Granadillo. Durante la semana que sigui\u00f3 &hellip;<\/p>\n","protected":false},"author":1,"featured_media":35922,"comment_status":"open","ping_status":"open","sticky":false,"template":"","format":"standard","meta":{"footnotes":""},"categories":[1326],"tags":[1164,4976,3146,4977],"class_list":["post-35921","post","type-post","status-publish","format-standard","has-post-thumbnail","hentry","category-crisis-en-venezuela-2","tag-crisis-en-venezuela","tag-desapariciones-forzadas","tag-nytimes","tag-regimen-venezolano"],"_links":{"self":[{"href":"https:\/\/contraluzcucuta.co\/index.php?rest_route=\/wp\/v2\/posts\/35921","targetHints":{"allow":["GET"]}}],"collection":[{"href":"https:\/\/contraluzcucuta.co\/index.php?rest_route=\/wp\/v2\/posts"}],"about":[{"href":"https:\/\/contraluzcucuta.co\/index.php?rest_route=\/wp\/v2\/types\/post"}],"author":[{"embeddable":true,"href":"https:\/\/contraluzcucuta.co\/index.php?rest_route=\/wp\/v2\/users\/1"}],"replies":[{"embeddable":true,"href":"https:\/\/contraluzcucuta.co\/index.php?rest_route=%2Fwp%2Fv2%2Fcomments&post=35921"}],"version-history":[{"count":1,"href":"https:\/\/contraluzcucuta.co\/index.php?rest_route=\/wp\/v2\/posts\/35921\/revisions"}],"predecessor-version":[{"id":35923,"href":"https:\/\/contraluzcucuta.co\/index.php?rest_route=\/wp\/v2\/posts\/35921\/revisions\/35923"}],"wp:featuredmedia":[{"embeddable":true,"href":"https:\/\/contraluzcucuta.co\/index.php?rest_route=\/wp\/v2\/media\/35922"}],"wp:attachment":[{"href":"https:\/\/contraluzcucuta.co\/index.php?rest_route=%2Fwp%2Fv2%2Fmedia&parent=35921"}],"wp:term":[{"taxonomy":"category","embeddable":true,"href":"https:\/\/contraluzcucuta.co\/index.php?rest_route=%2Fwp%2Fv2%2Fcategories&post=35921"},{"taxonomy":"post_tag","embeddable":true,"href":"https:\/\/contraluzcucuta.co\/index.php?rest_route=%2Fwp%2Fv2%2Ftags&post=35921"}],"curies":[{"name":"wp","href":"https:\/\/api.w.org\/{rel}","templated":true}]}}