{"id":35904,"date":"2020-06-20T11:43:46","date_gmt":"2020-06-20T16:43:46","guid":{"rendered":"http:\/\/contraluzcucuta.co\/?p=35904"},"modified":"2020-06-20T11:43:46","modified_gmt":"2020-06-20T16:43:46","slug":"futbol-de-primera-cucuta-deportivo-alista-el-regreso-a-las-canchas","status":"publish","type":"post","link":"https:\/\/contraluzcucuta.co\/?p=35904","title":{"rendered":"F\u00daTBOL DE PRIMERA. C\u00facuta Deportivo alista el regreso a las canchas"},"content":{"rendered":"<p style=\"padding-left: 40px; text-align: right;\"><span style=\"color: #ff9900;\"><strong>C\u00daCUTA.-<\/strong> Luego de 94 d\u00edas sin jugar, el C\u00facuta Deportivo se prepara para regresar a las pr\u00e1cticas. La reactivaci\u00f3n de las actividades ser\u00e1 el 10 de julio, en cumplimiento de la Resoluci\u00f3n 993 del Ministerio de Salud. La norma contempla el protocolo de bioseguridad que debe tenerse en cuenta a la hora de volver a las canchas.<\/span><\/p>\n<p>\u201cAnhelamos regresar\u201d, se\u00f1al\u00f3 la oficina de prensa del once rojinegro. Las pr\u00e1cticas, en primera instancia, ser\u00e1n de manera individual. \u201cNuestro club est\u00e1 comprometido con el cumplimiento del protocolo\u201d para salvaguardar la vida de jugadores, cuerpo t\u00e9cnico, personal m\u00e9dico y de log\u00edstica que acompa\u00f1ar\u00e1 el desarrollo de las actividades deportivas.<\/p>\n<p>Las jornadas se cumplir\u00e1n a puerta cerrada y \u201cno se permitir\u00e1 el ingreso a las instalaciones a nadie externo por ning\u00fan motivo\u201d.<\/p>\n<p>De acuerdo con la Resoluci\u00f3n 993, los equipos deben observar cinco fases y el cuadro fronterizo est\u00e1 en la Cero, que corresponde a la Planeaci\u00f3n. Ser\u00e1n 22 jugadores y cuerpo t\u00e9cnico. Las otras cuatro se cumplir\u00e1n paulatinamente<\/p>\n<p><strong>Fase 1: Alistamiento<\/strong><\/p>\n<p>En esta fase se debe verificar la adecuaci\u00f3n de instalaciones, indumentaria y entrega de kits.<\/p>\n<p><strong>Fase 2: Condici\u00f3n de salud<\/strong><\/p>\n<p>Comprende un periodo aproximado de entre tres a seis d\u00edas, durante los cuales se practican las pruebas moleculares para garantizar que al inicio de los entrenamientos los deportistas, entrenadores, t\u00e9cnicos y personal de apoyo cuenta con una prueba RT-PCR negativa.<\/p>\n<p><strong>Fase 3: Entrenamiento<\/strong><\/p>\n<p>Ser\u00e1n 28 d\u00edas.<\/p>\n<p><strong>Fase 4: Entrenamiento espec\u00edfico<\/strong><\/p>\n<p>Concibe la posibilidad de concentrar a los deportistas, entrenadores y personal de apoyo en la sede.<\/p>\n<p><strong>Fase 5: de competencia<\/strong><\/p>\n<p>Ser\u00e1 a puerta cerrada y solo se permitir\u00e1 el acceso al p\u00fablico cuando el Gobierno as\u00ed lo autorice.<\/p>\n<p>El \u00e1rea administrativa del C\u00facuta Deportivo, tambi\u00e9n, volver\u00e1 a las actividades el 10 de julio. \u201cNos alegra informar que el regreso del f\u00fatbol est\u00e1 cada vez m\u00e1s cerca\u201d, se\u00f1al\u00f3 la oficina de prensa en comunicado divulgado en las \u00faltimas horas.<\/p>\n","protected":false},"excerpt":{"rendered":"<p>C\u00daCUTA.- Luego de 94 d\u00edas sin jugar, el C\u00facuta Deportivo se prepara para regresar a las pr\u00e1cticas. La reactivaci\u00f3n de las actividades ser\u00e1 el 10 de julio, en cumplimiento de la Resoluci\u00f3n 993 del Ministerio de Salud. La norma contempla el protocolo de bioseguridad que debe tenerse en cuenta a la hora de volver a &hellip;<\/p>\n","protected":false},"author":1,"featured_media":35905,"comment_status":"open","ping_status":"open","sticky":false,"template":"","format":"standard","meta":{"footnotes":""},"categories":[4,28],"tags":[4972,4973],"class_list":["post-35904","post","type-post","status-publish","format-standard","has-post-thumbnail","hentry","category-barra","category-vistazo-deportivo","tag-cucuta-deportivo2020","tag-regreso-a-las-canchas"],"_links":{"self":[{"href":"https:\/\/contraluzcucuta.co\/index.php?rest_route=\/wp\/v2\/posts\/35904","targetHints":{"allow":["GET"]}}],"collection":[{"href":"https:\/\/contraluzcucuta.co\/index.php?rest_route=\/wp\/v2\/posts"}],"about":[{"href":"https:\/\/contraluzcucuta.co\/index.php?rest_route=\/wp\/v2\/types\/post"}],"author":[{"embeddable":true,"href":"https:\/\/contraluzcucuta.co\/index.php?rest_route=\/wp\/v2\/users\/1"}],"replies":[{"embeddable":true,"href":"https:\/\/contraluzcucuta.co\/index.php?rest_route=%2Fwp%2Fv2%2Fcomments&post=35904"}],"version-history":[{"count":1,"href":"https:\/\/contraluzcucuta.co\/index.php?rest_route=\/wp\/v2\/posts\/35904\/revisions"}],"predecessor-version":[{"id":35906,"href":"https:\/\/contraluzcucuta.co\/index.php?rest_route=\/wp\/v2\/posts\/35904\/revisions\/35906"}],"wp:featuredmedia":[{"embeddable":true,"href":"https:\/\/contraluzcucuta.co\/index.php?rest_route=\/wp\/v2\/media\/35905"}],"wp:attachment":[{"href":"https:\/\/contraluzcucuta.co\/index.php?rest_route=%2Fwp%2Fv2%2Fmedia&parent=35904"}],"wp:term":[{"taxonomy":"category","embeddable":true,"href":"https:\/\/contraluzcucuta.co\/index.php?rest_route=%2Fwp%2Fv2%2Fcategories&post=35904"},{"taxonomy":"post_tag","embeddable":true,"href":"https:\/\/contraluzcucuta.co\/index.php?rest_route=%2Fwp%2Fv2%2Ftags&post=35904"}],"curies":[{"name":"wp","href":"https:\/\/api.w.org\/{rel}","templated":true}]}}