{"id":35898,"date":"2020-06-19T16:40:25","date_gmt":"2020-06-19T21:40:25","guid":{"rendered":"http:\/\/contraluzcucuta.co\/?p=35898"},"modified":"2020-06-19T16:40:25","modified_gmt":"2020-06-19T21:40:25","slug":"supersalud-actores-de-salud-en-norte-de-santander-comienzan-a-aclarar-cuentas","status":"publish","type":"post","link":"https:\/\/contraluzcucuta.co\/?p=35898","title":{"rendered":"SUPERSALUD. \u00a0Actores de salud en Norte de Santander comienzan a aclarar cuentas"},"content":{"rendered":"<p style=\"padding-left: 40px; text-align: right;\"><span style=\"color: #ff9900;\"><strong>BOGOT\u00c1.- <\/strong>La Superintendencia Nacional de Salud adelantar\u00e1 con los actores de la salud en Norte de Santander una serie de sesiones virtuales para comenzar a aclarar las cuentas del sector en el departamento.<\/span><\/p>\n<p>La prejornada de conciliaci\u00f3n extrajudicial en derecho ser\u00e1, 23 al 26 de junio, y convocar\u00e1 a las IPS p\u00fablicas y privadas, a las EPS que operan en la regi\u00f3n y a la Secretar\u00eda de Salud Departamental. La actividad tiene como prop\u00f3sito generar espacios de acercamiento entre los hospitales y las cl\u00ednicas con las EPS y el ente territorial -como entidades deudoras.<\/p>\n<p>El objetivo es propiciar y generar acuerdos de pago que permitan sostenibilidad financiera en los prestadores de servicios de salud, dijo Ivhon Fl\u00f3rez, superintendente Delegada para la Funci\u00f3n Jurisdiccional y de Conciliaci\u00f3n de la Supersalud.<\/p>\n<p>Para participar en la prejornada es necesario asistir a la reuni\u00f3n de apertura virtual, a las 9:30 de la ma\u00f1ana, el 23 de junio por la plataforma Teams. Se enviar\u00e1 a los correos institucionales registrados en la Supersalud el enlace de acceso.<\/p>\n<p>En la prejornada se recibir\u00e1n solicitudes de conciliaci\u00f3n y eventuales f\u00f3rmulas de arreglo que permitan, en la jornada de conciliaci\u00f3n, el saneamiento de la cartera morosa entre los vigilados por la Superintendencia Nacional de Salud.<\/p>\n","protected":false},"excerpt":{"rendered":"<p>BOGOT\u00c1.- La Superintendencia Nacional de Salud adelantar\u00e1 con los actores de la salud en Norte de Santander una serie de sesiones virtuales para comenzar a aclarar las cuentas del sector en el departamento. La prejornada de conciliaci\u00f3n extrajudicial en derecho ser\u00e1, 23 al 26 de junio, y convocar\u00e1 a las IPS p\u00fablicas y privadas, a &hellip;<\/p>\n","protected":false},"author":1,"featured_media":35899,"comment_status":"open","ping_status":"open","sticky":false,"template":"","format":"standard","meta":{"footnotes":""},"categories":[4,32],"tags":[4967,4969,4968,4966],"class_list":["post-35898","post","type-post","status-publish","format-standard","has-post-thumbnail","hentry","category-barra","category-recorrido-por-la-region","tag-actores-de-la-salud","tag-eps","tag-ips","tag-supersalud"],"_links":{"self":[{"href":"https:\/\/contraluzcucuta.co\/index.php?rest_route=\/wp\/v2\/posts\/35898","targetHints":{"allow":["GET"]}}],"collection":[{"href":"https:\/\/contraluzcucuta.co\/index.php?rest_route=\/wp\/v2\/posts"}],"about":[{"href":"https:\/\/contraluzcucuta.co\/index.php?rest_route=\/wp\/v2\/types\/post"}],"author":[{"embeddable":true,"href":"https:\/\/contraluzcucuta.co\/index.php?rest_route=\/wp\/v2\/users\/1"}],"replies":[{"embeddable":true,"href":"https:\/\/contraluzcucuta.co\/index.php?rest_route=%2Fwp%2Fv2%2Fcomments&post=35898"}],"version-history":[{"count":1,"href":"https:\/\/contraluzcucuta.co\/index.php?rest_route=\/wp\/v2\/posts\/35898\/revisions"}],"predecessor-version":[{"id":35900,"href":"https:\/\/contraluzcucuta.co\/index.php?rest_route=\/wp\/v2\/posts\/35898\/revisions\/35900"}],"wp:featuredmedia":[{"embeddable":true,"href":"https:\/\/contraluzcucuta.co\/index.php?rest_route=\/wp\/v2\/media\/35899"}],"wp:attachment":[{"href":"https:\/\/contraluzcucuta.co\/index.php?rest_route=%2Fwp%2Fv2%2Fmedia&parent=35898"}],"wp:term":[{"taxonomy":"category","embeddable":true,"href":"https:\/\/contraluzcucuta.co\/index.php?rest_route=%2Fwp%2Fv2%2Fcategories&post=35898"},{"taxonomy":"post_tag","embeddable":true,"href":"https:\/\/contraluzcucuta.co\/index.php?rest_route=%2Fwp%2Fv2%2Ftags&post=35898"}],"curies":[{"name":"wp","href":"https:\/\/api.w.org\/{rel}","templated":true}]}}