{"id":35861,"date":"2020-06-11T18:04:58","date_gmt":"2020-06-11T23:04:58","guid":{"rendered":"http:\/\/contraluzcucuta.co\/?p=35861"},"modified":"2020-06-11T18:04:58","modified_gmt":"2020-06-11T23:04:58","slug":"violencia-politica-moe-pide-emitir-una-alerta-en-norte-de-santander","status":"publish","type":"post","link":"https:\/\/contraluzcucuta.co\/?p=35861","title":{"rendered":"VIOLENCIA POL\u00cdTICA. MOE pide \u201cemitir una alerta\u201d en Norte de Santander"},"content":{"rendered":"<p style=\"padding-left: 40px; text-align: right;\"><span style=\"color: #ff9900;\"><strong>BOGOT\u00c1.-<\/strong> En Norte de Santander, en el 2020, se han presentado hechos de violencia contra l\u00edderes, acciones y presencia armada de grupos al margen de la ley, lo que evidencia la necesidad de una pronta respuesta estatal. Ante esta situaci\u00f3n, la Misi\u00f3n de Observaci\u00f3n Electoral (MOE) estim\u00f3 conveniente \u201cemitir una alerta\u201d. En similar situaci\u00f3n est\u00e1n Cauca, Putumayo, Antioquia, Arauca, Bol\u00edvar, Huila y Valle del Cauca.<\/span><\/p>\n<p>Este a\u00f1o, en el pa\u00eds, han sido asesinados 10 l\u00edderes pol\u00edticos (16,4 %), 37 l\u00edderes sociales (61 %), 14 l\u00edderes comunales (23 %). Desde el 25 de marzo, cuando el Gobierno decret\u00f3 la medida de aislamiento preventivo obligatorio, hasta el 31 de mayo, han sido asesinados 11 l\u00edderes sociales, 7 l\u00edderes comunales y 3 l\u00edderes pol\u00edticos, lo que representa el 34,4 % de los 61 asesinados en 2020).<\/p>\n<p>En 2020 se han presentado 27 hechos de violencia contra l\u00edderes comunales:<\/p>\n<ul>\n<li>14 asesinatos<\/li>\n<li>1 atentado<\/li>\n<li>2 secuestros<\/li>\n<li>1 desaparici\u00f3n<\/li>\n<li>9 amenazas.<\/li>\n<\/ul>\n<p>La Misi\u00f3n de Observaci\u00f3n Electoral public\u00f3 el Informe de Violencia Pol\u00edtica, con corte a 31 de mayo, y da cuenta de 183 hechos de violencia contra l\u00edderes pol\u00edticos, sociales y comunales en 90 municipios, distribuidos en 26 departamentos. Los l\u00edderes sociales han sido los m\u00e1s afectados, y representan el 54,6 % de los hechos, 100 en total. Los l\u00edderes pol\u00edticos registran 56 hechos (30,6 %) de los cuales 40 han sido amenazas. Por \u00faltimo, 27 hechos violentos (14,8 %) fueron contra l\u00edderes comunales.<\/p>\n<p>Alejandra Barrios, directora de la MOE, inst\u00f3 a las autoridades \u201cpara que se tomen medidas de prevenci\u00f3n de la violencia y se contin\u00faen con las medidas de protecci\u00f3n de los l\u00edderes pol\u00edticos, sociales y comunales, teniendo en cuenta que el confinamiento ha representado mayores riesgos para estos\u201d.<\/p>\n<p>Enero ha sido el mes m\u00e1s violento con 19 asesinatos, frente a 11 de mayo pasado, lo que representa una disminuci\u00f3n del 42 %. La MOE enfatiz\u00f3 en que los riesgos para los l\u00edderes contin\u00faan y pueden aumentar en medio del confinamiento obligatorio, porque en medio de esta situaci\u00f3n los l\u00edderes quedan expuestos frente a quienes quieran atacarlos.<\/p>\n<p>La MOE hace un llamado insistente a las autoridades acerca de la necesidad de que las medidas de prevenci\u00f3n y protecci\u00f3n tengan en cuenta las particularidades regionales y locales, puesto que, los factores generadores de violencia pol\u00edtica son diversos, as\u00ed como la manera en la que estos hechos se presentan.<\/p>\n","protected":false},"excerpt":{"rendered":"<p>BOGOT\u00c1.- En Norte de Santander, en el 2020, se han presentado hechos de violencia contra l\u00edderes, acciones y presencia armada de grupos al margen de la ley, lo que evidencia la necesidad de una pronta respuesta estatal. Ante esta situaci\u00f3n, la Misi\u00f3n de Observaci\u00f3n Electoral (MOE) estim\u00f3 conveniente \u201cemitir una alerta\u201d. En similar situaci\u00f3n est\u00e1n &hellip;<\/p>\n","protected":false},"author":1,"featured_media":35862,"comment_status":"open","ping_status":"open","sticky":false,"template":"","format":"standard","meta":{"footnotes":""},"categories":[4,6],"tags":[1109,619,4956],"class_list":["post-35861","post","type-post","status-publish","format-standard","has-post-thumbnail","hentry","category-barra","category-ojo-avizor","tag-moe","tag-norte-de-santander","tag-violencia-politica"],"_links":{"self":[{"href":"https:\/\/contraluzcucuta.co\/index.php?rest_route=\/wp\/v2\/posts\/35861","targetHints":{"allow":["GET"]}}],"collection":[{"href":"https:\/\/contraluzcucuta.co\/index.php?rest_route=\/wp\/v2\/posts"}],"about":[{"href":"https:\/\/contraluzcucuta.co\/index.php?rest_route=\/wp\/v2\/types\/post"}],"author":[{"embeddable":true,"href":"https:\/\/contraluzcucuta.co\/index.php?rest_route=\/wp\/v2\/users\/1"}],"replies":[{"embeddable":true,"href":"https:\/\/contraluzcucuta.co\/index.php?rest_route=%2Fwp%2Fv2%2Fcomments&post=35861"}],"version-history":[{"count":1,"href":"https:\/\/contraluzcucuta.co\/index.php?rest_route=\/wp\/v2\/posts\/35861\/revisions"}],"predecessor-version":[{"id":35863,"href":"https:\/\/contraluzcucuta.co\/index.php?rest_route=\/wp\/v2\/posts\/35861\/revisions\/35863"}],"wp:featuredmedia":[{"embeddable":true,"href":"https:\/\/contraluzcucuta.co\/index.php?rest_route=\/wp\/v2\/media\/35862"}],"wp:attachment":[{"href":"https:\/\/contraluzcucuta.co\/index.php?rest_route=%2Fwp%2Fv2%2Fmedia&parent=35861"}],"wp:term":[{"taxonomy":"category","embeddable":true,"href":"https:\/\/contraluzcucuta.co\/index.php?rest_route=%2Fwp%2Fv2%2Fcategories&post=35861"},{"taxonomy":"post_tag","embeddable":true,"href":"https:\/\/contraluzcucuta.co\/index.php?rest_route=%2Fwp%2Fv2%2Ftags&post=35861"}],"curies":[{"name":"wp","href":"https:\/\/api.w.org\/{rel}","templated":true}]}}