{"id":35855,"date":"2020-06-11T12:33:12","date_gmt":"2020-06-11T17:33:12","guid":{"rendered":"http:\/\/contraluzcucuta.co\/?p=35855"},"modified":"2020-06-11T12:33:12","modified_gmt":"2020-06-11T17:33:12","slug":"zonas-digitales-once-veredas-de-norte-de-santander-beneficiadas-con-plan-ejecutando-y-conectando","status":"publish","type":"post","link":"https:\/\/contraluzcucuta.co\/?p=35855","title":{"rendered":"ZONAS DIGITALES. Once veredas de Norte de Santander beneficiadas con \u2018Plan Ejecutando y Conectando\u2019"},"content":{"rendered":"<p style=\"padding-left: 40px; text-align: right;\"><span style=\"color: #ff9900;\"><strong>C\u00daCUTA.-<\/strong> Once veredas de cinco municipios de Norte de Santander hacen parte de las 300 nuevas Zonas Digitales que se conectar\u00e1n gratis en el pa\u00eds. La instalaci\u00f3n se har\u00e1 en tiempo r\u00e9cord, seg\u00fan la Ministra de Tecnolog\u00edas de la Informaci\u00f3n y las Comunicaciones (MinTIC), Karen Abudinen.<\/span><\/p>\n<p>El compromiso tiene como fin ampliar la cobertura de conectividad en el territorio colombiano para impulsar la productividad y la competitividad. Las zonas rurales beneficiadas en el departamento son las siguientes:<\/p>\n<p>1.- Arboledas<\/p>\n<p>&#8211; Vereda huerta chiquita<\/p>\n<p>2.- Bucarasica<\/p>\n<p>&#8211; Agua Blanca<\/p>\n<p>&#8211; El Alto<\/p>\n<p>&#8211; La Fortuna<\/p>\n<p>3.- Chin\u00e1cota<\/p>\n<p>&#8211; Iscal\u00e1<\/p>\n<p>&#8211; Chitacomar<\/p>\n<p>4.- Los Patios<\/p>\n<p>&#8211; Los Vados<\/p>\n<p>&#8211; Corozal<\/p>\n<p>5.- Mutiscua<\/p>\n<p>&#8211; Aradita<\/p>\n<p>&#8211; San Agust\u00edn<\/p>\n<p>&#8211; Sucre<\/p>\n<p>El \u2018Plan Ejecutando y Conectando\u2019 tiene como primer logro llevar el internet a los habitantes de 300 corregimientos en 98 municipios y 19 departamentos.<\/p>\n<p>Las Zonas Digitales estar\u00e1n disponibles las 24 horas del d\u00eda, los 7 d\u00edas de la semana. Ser\u00e1n para las comunidades una alternativa de comunicaci\u00f3n ante la emergencia sanitaria que vive el pa\u00eds. Brindar\u00e1n apoyo acad\u00e9mico a los estudiantes, que podr\u00e1n acceder al contenido dispuesto en las plataformas digitales.<\/p>\n<p>\u201cSon una herramienta de Equidad. Nos permiten acercar los beneficios de la tecnolog\u00eda a la poblaci\u00f3n vulnerable. Estamos trabajando a toda marcha para cerrar las brechas digitales en las regiones del pa\u00eds\u201d, dijo la ministra Karen Abudinen.<\/p>\n<p>La iniciativa cont\u00f3 con la inversi\u00f3n de $ 8100 millones y la instalaci\u00f3n se extender\u00e1 hasta mediados de agosto. Las nuevas Zonas Digitales se suman a las mil instaladas a finales de 2019 y que benefician a m\u00e1s de 577.000 habitantes de las \u00e1reas rurales de 381 centros poblados.<\/p>\n","protected":false},"excerpt":{"rendered":"<p>C\u00daCUTA.- Once veredas de cinco municipios de Norte de Santander hacen parte de las 300 nuevas Zonas Digitales que se conectar\u00e1n gratis en el pa\u00eds. La instalaci\u00f3n se har\u00e1 en tiempo r\u00e9cord, seg\u00fan la Ministra de Tecnolog\u00edas de la Informaci\u00f3n y las Comunicaciones (MinTIC), Karen Abudinen. El compromiso tiene como fin ampliar la cobertura de &hellip;<\/p>\n","protected":false},"author":1,"featured_media":35856,"comment_status":"open","ping_status":"open","sticky":false,"template":"","format":"standard","meta":{"footnotes":""},"categories":[4,32],"tags":[4954,4953,4728],"class_list":["post-35855","post","type-post","status-publish","format-standard","has-post-thumbnail","hentry","category-barra","category-recorrido-por-la-region","tag-mntic","tag-plan-ejecutando-y-conectando","tag-zonas-digitales"],"_links":{"self":[{"href":"https:\/\/contraluzcucuta.co\/index.php?rest_route=\/wp\/v2\/posts\/35855","targetHints":{"allow":["GET"]}}],"collection":[{"href":"https:\/\/contraluzcucuta.co\/index.php?rest_route=\/wp\/v2\/posts"}],"about":[{"href":"https:\/\/contraluzcucuta.co\/index.php?rest_route=\/wp\/v2\/types\/post"}],"author":[{"embeddable":true,"href":"https:\/\/contraluzcucuta.co\/index.php?rest_route=\/wp\/v2\/users\/1"}],"replies":[{"embeddable":true,"href":"https:\/\/contraluzcucuta.co\/index.php?rest_route=%2Fwp%2Fv2%2Fcomments&post=35855"}],"version-history":[{"count":1,"href":"https:\/\/contraluzcucuta.co\/index.php?rest_route=\/wp\/v2\/posts\/35855\/revisions"}],"predecessor-version":[{"id":35857,"href":"https:\/\/contraluzcucuta.co\/index.php?rest_route=\/wp\/v2\/posts\/35855\/revisions\/35857"}],"wp:featuredmedia":[{"embeddable":true,"href":"https:\/\/contraluzcucuta.co\/index.php?rest_route=\/wp\/v2\/media\/35856"}],"wp:attachment":[{"href":"https:\/\/contraluzcucuta.co\/index.php?rest_route=%2Fwp%2Fv2%2Fmedia&parent=35855"}],"wp:term":[{"taxonomy":"category","embeddable":true,"href":"https:\/\/contraluzcucuta.co\/index.php?rest_route=%2Fwp%2Fv2%2Fcategories&post=35855"},{"taxonomy":"post_tag","embeddable":true,"href":"https:\/\/contraluzcucuta.co\/index.php?rest_route=%2Fwp%2Fv2%2Ftags&post=35855"}],"curies":[{"name":"wp","href":"https:\/\/api.w.org\/{rel}","templated":true}]}}