{"id":35849,"date":"2020-06-09T18:03:25","date_gmt":"2020-06-09T23:03:25","guid":{"rendered":"http:\/\/contraluzcucuta.co\/?p=35849"},"modified":"2020-06-09T18:03:25","modified_gmt":"2020-06-09T23:03:25","slug":"decreto-153-gremios-economicos-la-medida-generara-graves-e-irremediables-perjuicios","status":"publish","type":"post","link":"https:\/\/contraluzcucuta.co\/?p=35849","title":{"rendered":"DECRETO 153. Gremios econ\u00f3micos: la medida generar\u00e1 graves e irremediables perjuicios"},"content":{"rendered":"<p style=\"padding-left: 40px; text-align: right;\"><span style=\"color: #ff9900;\"><strong>C\u00daCUTA.-<\/strong> En \u201cprofundo desacuerdo\u201d con la restricci\u00f3n vehicular adoptada para el centro de la ciudad se declararon los gremios econ\u00f3micos locales al considerarse afectados por la medida. El descontento lo expresaron en carta dirigida al alcalde Jairo Y\u00e1\u00f1ez y reiteraron que la disposici\u00f3n \u201cno consulta los principios constitucionales de equidad e igualdad\u201d.<\/span><\/p>\n<p>Esta misiva, producto del Decreto 153 del 30 de mayo, se suma a la carta que en t\u00e9rminos similares suscribieron la Andi, C\u00e1mara de Comercio, Fenalco.<\/p>\n<p>El texto del documento es el siguiente:<\/p>\n<p>Ingeniero<\/p>\n<p>JAIRO TOMAS YA\u00d1EZ RODR\u00cdGUEZ<\/p>\n<p>Alcalde Municipal<\/p>\n<p>E. S. D.<\/p>\n<p>REFERENCIA: Profundo desacuerdo con la medida de restricci\u00f3n vehicular adoptada para<\/p>\n<p>el centro de la ciudad seg\u00fan Decreto 153 de 30 de mayo de 2020.<\/p>\n<p>Respetado se\u00f1or Alcalde:<\/p>\n<p>Los gremios econ\u00f3micos de C\u00facuta, conscientes de la necesidad de implementar medidas para la reactivaci\u00f3n y normalizaci\u00f3n de la ciudad y as\u00ed superar los estragos econ\u00f3micos que se derivan del confinamiento preventivo de la poblaci\u00f3n y de la consecuente par\u00e1lisis de los procesos productivos y de comercio, en esta ocasi\u00f3n queremos manifestarle nuestro total desacuerdo con la restricci\u00f3n vehicular contenida en el Decreto 153 emitido por su despacho el pasado 30 de mayo, por las razones de hecho y de derecho que quisi\u00e9ramos exponerle:<\/p>\n<ul>\n<li>No estamos de acuerdo con la inmediatez de la medida, por no estar soportada en estudios t\u00e9cnicos y su necesaria concertaci\u00f3n y socializaci\u00f3n con los comercios que se ver\u00e1n ampliamente perjudicados.<\/li>\n<li>La medida en menci\u00f3n no consulta los principios constitucionales de equidad e igualdad.<\/li>\n<li>La medida adoptada por su administraci\u00f3n generar\u00e1 graves e irremediables perjuicios econ\u00f3micos a los empresarios y comerciantes que se encuentran ubicados en el centro de la ciudad.<\/li>\n<\/ul>\n<p>La anterior relaci\u00f3n es reveladora de nefastas consecuencias para el orden productivo y comercial de la ciudad de C\u00facuta y su zona c\u00e9ntrica que, lejos de conducir a soluciones, agudiza y profundiza la crisis, vulnerando, reiteramos, los principios de equidad e igualdad que deben guiar las decisiones de los gobernantes.<\/p>\n<p>Apoy\u00e1ndonos en su larga experiencia como empresario y persona abierta y sensata, nos permitimos solicitarle que el gobierno municipal reconsidere la medida consistente en la restricci\u00f3n vehicular implementada en la zona c\u00e9ntrica de la ciudad y a partir de all\u00ed genere un dialogo en el que se involucre a los sectores que se ver\u00edan seriamente afectados, los gremios de la producci\u00f3n y la ciudadan\u00eda en general. De esta forma, las medidas a aplicar en un futuro podr\u00e1n contar con el pleno<\/p>\n<p>apoyo de los cucute\u00f1os, lo cual redundar\u00e1 positivamente en la reactivaci\u00f3n del comercio y el desarrollo econ\u00f3mico de nuestra regi\u00f3n.<\/p>\n<p>Del se\u00f1or Alcalde de C\u00facuta,<\/p>\n<p>Giovanna Guerrero, directora Ejecutiva de la C\u00e1mara Colombiana de las Confecciones; Johanna Navarro, presidente de Induarcilla; Fernando Del Corte Fajardo, presidente de Azofranco; V\u00edctor Manuel M\u00e9ndez, vocero regional de Colfecar; Linda Cuao Torres, directora ejecutiva de Asopartes;<\/p>\n<p>Lina Mercedes Silva, directora ejecutiva de la Corporaci\u00f3n Mixta; Stella Murillo Rodriguez, vicepresidente Regional Oriente de Anato; Bellkys D\u00edaz Contreras, directora ejecutiva de Acodr\u00e9s; Sandra Milena Mendoza, directora ejecutiva de Cotelco Norte de Santander; Eduardo Quintero, presidente seccional C\u00facuta de Asobares; Mar\u00eda Azucena Vera, gerente de Asocarbonor; German Gustavo Ruiz, vicepresidente Industriales Pl\u00e1stico, de Asoplasnor; Wilmar Tarazona, presidente de Asicuc, y Mateo Montebello, gerente de Camacol.<\/p>\n","protected":false},"excerpt":{"rendered":"<p>C\u00daCUTA.- En \u201cprofundo desacuerdo\u201d con la restricci\u00f3n vehicular adoptada para el centro de la ciudad se declararon los gremios econ\u00f3micos locales al considerarse afectados por la medida. El descontento lo expresaron en carta dirigida al alcalde Jairo Y\u00e1\u00f1ez y reiteraron que la disposici\u00f3n \u201cno consulta los principios constitucionales de equidad e igualdad\u201d. Esta misiva, producto &hellip;<\/p>\n","protected":false},"author":1,"featured_media":35850,"comment_status":"open","ping_status":"open","sticky":false,"template":"","format":"standard","meta":{"footnotes":""},"categories":[2625,4],"tags":[4776,226,4952],"class_list":["post-35849","post","type-post","status-publish","format-standard","has-post-thumbnail","hentry","category-alcaldia-de-cucuta","category-barra","tag-alcalde-jairo-yanez","tag-alcaldia-de-cucuta","tag-gremios-economicos-cucutenos"],"_links":{"self":[{"href":"https:\/\/contraluzcucuta.co\/index.php?rest_route=\/wp\/v2\/posts\/35849","targetHints":{"allow":["GET"]}}],"collection":[{"href":"https:\/\/contraluzcucuta.co\/index.php?rest_route=\/wp\/v2\/posts"}],"about":[{"href":"https:\/\/contraluzcucuta.co\/index.php?rest_route=\/wp\/v2\/types\/post"}],"author":[{"embeddable":true,"href":"https:\/\/contraluzcucuta.co\/index.php?rest_route=\/wp\/v2\/users\/1"}],"replies":[{"embeddable":true,"href":"https:\/\/contraluzcucuta.co\/index.php?rest_route=%2Fwp%2Fv2%2Fcomments&post=35849"}],"version-history":[{"count":1,"href":"https:\/\/contraluzcucuta.co\/index.php?rest_route=\/wp\/v2\/posts\/35849\/revisions"}],"predecessor-version":[{"id":35851,"href":"https:\/\/contraluzcucuta.co\/index.php?rest_route=\/wp\/v2\/posts\/35849\/revisions\/35851"}],"wp:featuredmedia":[{"embeddable":true,"href":"https:\/\/contraluzcucuta.co\/index.php?rest_route=\/wp\/v2\/media\/35850"}],"wp:attachment":[{"href":"https:\/\/contraluzcucuta.co\/index.php?rest_route=%2Fwp%2Fv2%2Fmedia&parent=35849"}],"wp:term":[{"taxonomy":"category","embeddable":true,"href":"https:\/\/contraluzcucuta.co\/index.php?rest_route=%2Fwp%2Fv2%2Fcategories&post=35849"},{"taxonomy":"post_tag","embeddable":true,"href":"https:\/\/contraluzcucuta.co\/index.php?rest_route=%2Fwp%2Fv2%2Ftags&post=35849"}],"curies":[{"name":"wp","href":"https:\/\/api.w.org\/{rel}","templated":true}]}}