{"id":35840,"date":"2020-06-08T15:19:56","date_gmt":"2020-06-08T20:19:56","guid":{"rendered":"http:\/\/contraluzcucuta.co\/?p=35840"},"modified":"2020-06-08T15:19:56","modified_gmt":"2020-06-08T20:19:56","slug":"entre-clicks-no-al-racismo","status":"publish","type":"post","link":"https:\/\/contraluzcucuta.co\/?p=35840","title":{"rendered":"ENTRE CLICKS. No al racismo"},"content":{"rendered":"<p style=\"padding-left: 40px; text-align: right;\"><span style=\"color: #ff9900;\">El movimiento de <em>Black Lives Matter<\/em> ha cogido fuerza en la \u00faltima semana en el mundo. Todo esto ocurre por la lamentable muerte de George Floyd a manos de un grupo de uniformados en Minneapolis (Estados Unidos). Este hecho caus\u00f3 revuelo y manifestaciones en territorio estadounidense y se expandi\u00f3 a otros pa\u00edses.<\/span><\/p>\n<p>La mayor\u00eda de las empresas del sector de videojuegos se ha unido para aplazar lanzamientos y art\u00edculos. La m\u00e1s nombrada es Sony con el PlayStation 5, previsto para el 4 de junio. Por esa raz\u00f3n, esta semana en <strong>Entre Clicks<\/strong> nos unimos al llamado de la industria y al movimiento con el fin de mostrar solidaridad y enfocarnos en temas m\u00e1s importantes en este momento.<\/p>\n<p>Muchos no estar\u00e1n de acuerdo con los movimientos actuales, pero en mi opini\u00f3n a veces son necesarios para hacerse sentir. Algunos hemos salido del pa\u00eds por una u otra raz\u00f3n y hemos tenido esa sensaci\u00f3n de ser diferentes en otro rinc\u00f3n del mundo y no encajar perfectamente entre los locales. Afortunadamente, son m\u00e1s los que se preocupan por el bienestar com\u00fan y te aceptan como eres.<\/p>\n<p>Los prejuicios deben abolirse. Todos somos iguales, sin importar raza, religi\u00f3n u orientaci\u00f3n sexual y de g\u00e9nero. Sin embargo, a veces se cae en estos, especialmente por la manera como las personas son mostradas en los medios de comunicaci\u00f3n. Muchas veces son incorrectos, si no conoces a la persona, no deber\u00edas sacar conclusiones apresuradas. Personalmente, he experimentado ese trato, no falta quien diga que todos los colombianos estamos relacionados con el mundo de la droga.<\/p>\n<p>Otra historia, y de las que m\u00e1s me duele, es la de una amiga de Arabia Saud\u00ed. Por cultura suele vestir el chador (traje t\u00edpico usado por algunas mujeres musulmanas que consiste en una vestimenta que recubre el cuerpo con excepci\u00f3n de la cara). El impacto al verla por primera vez es indescriptible, pues el concepto que los medios nos dan no es el m\u00e1s honesto. Pero ella es todo lo contrario, es buena amiga, buena mam\u00e1, respetuosa e inteligente y al igual que muchos se esfuerza por tener un mejor futuro.<\/p>\n<p>Un d\u00eda, paseaba con su ni\u00f1a en el coche por el pasaje comercial m\u00e1s reconocido de la ciudad. Al efectuar algunas compras, pas\u00f3 un hombre por el lado y le grit\u00f3 que se devolviera a su pa\u00eds, que era terrorista, y otras palabras fuertes. Termin\u00f3 escupi\u00e9ndola a la cara. Abeer, nuestra amiga, al ver que ninguno de los cientos de personas alrededor trat\u00f3 de defenderla o por lo menos sentir empat\u00eda por ella, rompi\u00f3 en llanto y sinti\u00f3 que el mundo se le vino abajo.<\/p>\n<p>Solo una acci\u00f3n de discriminaci\u00f3n bast\u00f3 para que quisiera regresarse al pa\u00eds donde se siente segura. Adem\u00e1s, dej\u00f3 la tradici\u00f3n a un lado, cambi\u00f3 la manera de vestir para no ser rechazada y busc\u00f3 ayuda profesional, porque no se sent\u00eda c\u00f3moda en pantalones. Entonces, mi pregunta es \u00bfpor qu\u00e9 raz\u00f3n el hombre la ten\u00eda que humillar de esa manera? \u00bfAcaso hay una raza superior?<\/p>\n<p>Desde ese d\u00eda jur\u00e9 no volver a hacer prejuicios de alguien sin conocer la verdad a fondo. Las acciones que se toman contra alguien pueden ser devastadoras y no podemos permitir que siga as\u00ed. No hay nada m\u00e1s bonito cuando alguien dice que conoce a Colombia por \u2018El Loco\u2019 Higuita, James, Shakira o Botero.<\/p>\n<p><strong>Wet Fritanga<\/strong><\/p>\n","protected":false},"excerpt":{"rendered":"<p>El movimiento de Black Lives Matter ha cogido fuerza en la \u00faltima semana en el mundo. Todo esto ocurre por la lamentable muerte de George Floyd a manos de un grupo de uniformados en Minneapolis (Estados Unidos). Este hecho caus\u00f3 revuelo y manifestaciones en territorio estadounidense y se expandi\u00f3 a otros pa\u00edses. La mayor\u00eda de &hellip;<\/p>\n","protected":false},"author":1,"featured_media":35841,"comment_status":"open","ping_status":"open","sticky":false,"template":"","format":"standard","meta":{"footnotes":""},"categories":[14,4],"tags":[4810,4950,4949,4814],"class_list":["post-35840","post","type-post","status-publish","format-standard","has-post-thumbnail","hentry","category-articulistas","category-barra","tag-entre-clicks","tag-george-floyd","tag-racismo","tag-wetfritanga"],"_links":{"self":[{"href":"https:\/\/contraluzcucuta.co\/index.php?rest_route=\/wp\/v2\/posts\/35840","targetHints":{"allow":["GET"]}}],"collection":[{"href":"https:\/\/contraluzcucuta.co\/index.php?rest_route=\/wp\/v2\/posts"}],"about":[{"href":"https:\/\/contraluzcucuta.co\/index.php?rest_route=\/wp\/v2\/types\/post"}],"author":[{"embeddable":true,"href":"https:\/\/contraluzcucuta.co\/index.php?rest_route=\/wp\/v2\/users\/1"}],"replies":[{"embeddable":true,"href":"https:\/\/contraluzcucuta.co\/index.php?rest_route=%2Fwp%2Fv2%2Fcomments&post=35840"}],"version-history":[{"count":1,"href":"https:\/\/contraluzcucuta.co\/index.php?rest_route=\/wp\/v2\/posts\/35840\/revisions"}],"predecessor-version":[{"id":35842,"href":"https:\/\/contraluzcucuta.co\/index.php?rest_route=\/wp\/v2\/posts\/35840\/revisions\/35842"}],"wp:featuredmedia":[{"embeddable":true,"href":"https:\/\/contraluzcucuta.co\/index.php?rest_route=\/wp\/v2\/media\/35841"}],"wp:attachment":[{"href":"https:\/\/contraluzcucuta.co\/index.php?rest_route=%2Fwp%2Fv2%2Fmedia&parent=35840"}],"wp:term":[{"taxonomy":"category","embeddable":true,"href":"https:\/\/contraluzcucuta.co\/index.php?rest_route=%2Fwp%2Fv2%2Fcategories&post=35840"},{"taxonomy":"post_tag","embeddable":true,"href":"https:\/\/contraluzcucuta.co\/index.php?rest_route=%2Fwp%2Fv2%2Ftags&post=35840"}],"curies":[{"name":"wp","href":"https:\/\/api.w.org\/{rel}","templated":true}]}}