{"id":35821,"date":"2020-06-05T15:34:42","date_gmt":"2020-06-05T20:34:42","guid":{"rendered":"http:\/\/contraluzcucuta.co\/?p=35821"},"modified":"2020-06-05T15:34:42","modified_gmt":"2020-06-05T20:34:42","slug":"camara-de-comercio-la-reactivacion-un-compromiso-de-todos-recorre-la-ciudad","status":"publish","type":"post","link":"https:\/\/contraluzcucuta.co\/?p=35821","title":{"rendered":"C\u00c1MARA DE COMERCIO. \u00a0\u2018La reactivaci\u00f3n, un compromiso de todos\u2019 recorre la ciudad"},"content":{"rendered":"<p style=\"padding-left: 40px; text-align: right;\"><span style=\"color: #ff9900;\"><strong>C\u00daCUTA.-<\/strong> La campa\u00f1a \u2018La reactivaci\u00f3n, un compromiso de todos\u2019, que impulsa la C\u00e1mara de Comercio de C\u00facuta, recorre los centros comerciales de la ciudad. La jornada de acompa\u00f1amiento a las labores comerciales la encabeza el presidente ejecutivo de la entidad, H\u00e9ctor Santaella.<\/span><\/p>\n<p>Entre las actividades ejecutadas por los trabajadores de la C\u00e1mara destacan:<\/p>\n<p>1.- Hablar con los empresarios<\/p>\n<p>2.- Atender las preguntas<\/p>\n<p>3.- Orientarlos seg\u00fan las inquietudes planteadas<\/p>\n<p>4.- Presentar la oferta de servicios disponibles para el fortalecimiento empresarial de las unidades productivas formales de la regi\u00f3n.<\/p>\n<p>\u201cVenimos a acompa\u00f1ar a los empresarios de manera personalizada, porque es importante escucharlos y saber c\u00f3mo viven esta fase de reactivaci\u00f3n\u201d, dijo Santaella.<\/p>\n<p>Los centros comerciales cumplen los protocolos de bioseguridad para garantizar la tranquilidad de los locatarios y de los visitantes en el momento de acercarse a hacer alguna compra.<\/p>\n<p>Empresarios y emprendedores de los establecimientos se mostraron complacidos por la visita y aprovecharon la oportunidad para agradecer la atenci\u00f3n personalizada que recibieron.<\/p>\n<p>El recorrido continuar\u00e1 en otros sectores de la capital del departamento para acompa\u00f1ar el regreso a la actividad econ\u00f3mica del tejido empresarial nortesantandereano.<\/p>\n","protected":false},"excerpt":{"rendered":"<p>C\u00daCUTA.- La campa\u00f1a \u2018La reactivaci\u00f3n, un compromiso de todos\u2019, que impulsa la C\u00e1mara de Comercio de C\u00facuta, recorre los centros comerciales de la ciudad. La jornada de acompa\u00f1amiento a las labores comerciales la encabeza el presidente ejecutivo de la entidad, H\u00e9ctor Santaella. Entre las actividades ejecutadas por los trabajadores de la C\u00e1mara destacan: 1.- Hablar &hellip;<\/p>\n","protected":false},"author":1,"featured_media":35822,"comment_status":"open","ping_status":"open","sticky":false,"template":"","format":"standard","meta":{"footnotes":""},"categories":[4,36],"tags":[375,4514,4947],"class_list":["post-35821","post","type-post","status-publish","format-standard","has-post-thumbnail","hentry","category-barra","category-la-voz-del-pueblo","tag-camara-de-comercio-de-cucuta","tag-hector-santaella","tag-reactivacion-economica"],"_links":{"self":[{"href":"https:\/\/contraluzcucuta.co\/index.php?rest_route=\/wp\/v2\/posts\/35821","targetHints":{"allow":["GET"]}}],"collection":[{"href":"https:\/\/contraluzcucuta.co\/index.php?rest_route=\/wp\/v2\/posts"}],"about":[{"href":"https:\/\/contraluzcucuta.co\/index.php?rest_route=\/wp\/v2\/types\/post"}],"author":[{"embeddable":true,"href":"https:\/\/contraluzcucuta.co\/index.php?rest_route=\/wp\/v2\/users\/1"}],"replies":[{"embeddable":true,"href":"https:\/\/contraluzcucuta.co\/index.php?rest_route=%2Fwp%2Fv2%2Fcomments&post=35821"}],"version-history":[{"count":1,"href":"https:\/\/contraluzcucuta.co\/index.php?rest_route=\/wp\/v2\/posts\/35821\/revisions"}],"predecessor-version":[{"id":35823,"href":"https:\/\/contraluzcucuta.co\/index.php?rest_route=\/wp\/v2\/posts\/35821\/revisions\/35823"}],"wp:featuredmedia":[{"embeddable":true,"href":"https:\/\/contraluzcucuta.co\/index.php?rest_route=\/wp\/v2\/media\/35822"}],"wp:attachment":[{"href":"https:\/\/contraluzcucuta.co\/index.php?rest_route=%2Fwp%2Fv2%2Fmedia&parent=35821"}],"wp:term":[{"taxonomy":"category","embeddable":true,"href":"https:\/\/contraluzcucuta.co\/index.php?rest_route=%2Fwp%2Fv2%2Fcategories&post=35821"},{"taxonomy":"post_tag","embeddable":true,"href":"https:\/\/contraluzcucuta.co\/index.php?rest_route=%2Fwp%2Fv2%2Ftags&post=35821"}],"curies":[{"name":"wp","href":"https:\/\/api.w.org\/{rel}","templated":true}]}}