{"id":35808,"date":"2020-06-04T11:30:23","date_gmt":"2020-06-04T16:30:23","guid":{"rendered":"http:\/\/contraluzcucuta.co\/?p=35808"},"modified":"2020-06-04T11:30:23","modified_gmt":"2020-06-04T16:30:23","slug":"la-voz-de-los-gremios-decreto-153-tiene-efectos-contraproducentes-para-comerciantes-cucutenos","status":"publish","type":"post","link":"https:\/\/contraluzcucuta.co\/?p=35808","title":{"rendered":"LA VOZ DE LOS GREMIOS. Decreto 153 tiene efectos contraproducentes para comerciantes cucute\u00f1os"},"content":{"rendered":"<p style=\"padding-left: 40px; text-align: right;\"><span style=\"color: #ff9900;\"><strong>C\u00daCUTA.-<\/strong> La C\u00e1mara de Comercio de C\u00facuta, la Andi seccional Norte de Santander y Fenalco seccional Norte de Santander pidieron a la Alcald\u00eda de C\u00facuta evaluar y revisar, en todos sus aspectos, el Decreto 153. La norma municipal ordena el cierre de v\u00edas en el per\u00edmetro comprendido entre las avenidas 4 y 7 y las calles 4 y 12 del centro de la ciudad.<\/span><\/p>\n<p>Los gremios se\u00f1alaron, en comunicado conjunto, que la administraci\u00f3n municipal debe tener en cuenta, principalmente, la injerencia legal, social y econ\u00f3mica, que tiene la restricci\u00f3n para la circulaci\u00f3n vehicular en el sector c\u00e9ntrico.<\/p>\n<p>La modificaci\u00f3n, permitir\u00e1 a los empresarios del centro de la ciudad \u201cejercer en igualdad de condiciones las actividades, las mismas que, a la postre, permitir\u00e1n sin lugar a dudas, la reactivaci\u00f3n econ\u00f3mica y social que tanto requiere esta noble, leal y valerosa ciudad, de la cual, todos los cucute\u00f1os nos sentimos orgullosos\u201d.<\/p>\n<p>En el llamado a la administraci\u00f3n municipal los firmantes le recuerdan al alcalde Jairo Y\u00e1\u00f1ez que desde los primeros d\u00edas del a\u00f1o han desarrollado un papel fundamental de acompa\u00f1amiento, asesor\u00eda y colaboraci\u00f3n a las pol\u00edticas p\u00fablicas, presentadas en pro y en beneficio del desarrollo y fortalecimiento del tejido empresarial cucute\u00f1o.<\/p>\n<p>\u201cReiteramos nuestro apoyo y respaldo al empresariado la ciudad de C\u00facuta, con el fin de hacer frente a la crisis econ\u00f3mica que atraviesa el pa\u00eds a causa de la pandemia del COVID-19, con la firme convicci\u00f3n de que entre todos subsanaremos la dif\u00edcil situaci\u00f3n financiera de nuestros comercios\u201d, se\u00f1ala el documento.<\/p>\n<p>Expresaron preocupaci\u00f3n por las implicaciones del Decreto 153 mediante el cual se adopt\u00f3 como medida de prevenci\u00f3n y aislamiento la restricci\u00f3n vehicular en el centro de la ciudad. \u201cConcordamos en que dicha medida, eventualmente, podr\u00eda proveer un espacio de aislamiento y prevenci\u00f3n para evitar el contagio del COVID-19\u201d.<\/p>\n<p>Sin embargo, indicaron, es necesario evaluar el verdadero impacto que esto generar\u00eda en los comercios de la zona, el perjuicio econ\u00f3mico que se estar\u00eda causando a aquellos empresarios y comerciantes cuyos establecimientos de comercio est\u00e1n localizados en el per\u00edmetro de restricci\u00f3n vehicular.<\/p>\n<p>\u201cDespu\u00e9s de m\u00e1s de dos meses sin ventas, hab\u00edan fincado sus esperanzas financieras en la tan anhelada reactivaci\u00f3n econ\u00f3mica que se llevar\u00eda a cabo en el pa\u00eds a partir del 1 de junio\u201d. La zona de restricci\u00f3n alberga m\u00e1s de 11.083 unidades productivas, que componen el 27,8 % del tejido empresarial de la ciudad y que generan m\u00e1s de 21.185 empleos directos.<\/p>\n<p>\u201cConsideramos que medidas como la contemplada por la administraci\u00f3n municipal, no responden de forma pertinente a la crisis que afrontamos hoy en d\u00eda\u201d, se\u00f1alaron los gremios. Por el contrario, podr\u00edan tener efectos contraproducentes por:<\/p>\n<p>1.- Las cuantiosas p\u00e9rdidas econ\u00f3micas que se generar\u00e1n para dichos empresarios y comerciantes durante el periodo establecido para el cierre de v\u00edas<\/p>\n<p>2.- Reducir\u00eda de manera significativa el alivio estipulado por el Gobierno, al decretar el 19 de junio c\u00f3mo d\u00eda sin IVA.<\/p>\n<p>3.- Ser\u00e1 casi imposible efectuar de manera normal y sin contratiempos las actividades comerciales debido a las restricciones vehiculares establecidas en la norma.<\/p>\n","protected":false},"excerpt":{"rendered":"<p>C\u00daCUTA.- La C\u00e1mara de Comercio de C\u00facuta, la Andi seccional Norte de Santander y Fenalco seccional Norte de Santander pidieron a la Alcald\u00eda de C\u00facuta evaluar y revisar, en todos sus aspectos, el Decreto 153. La norma municipal ordena el cierre de v\u00edas en el per\u00edmetro comprendido entre las avenidas 4 y 7 y las &hellip;<\/p>\n","protected":false},"author":1,"featured_media":35809,"comment_status":"open","ping_status":"open","sticky":false,"template":"","format":"standard","meta":{"footnotes":""},"categories":[2625,4,36],"tags":[226,3145,375,4942,1526],"class_list":["post-35808","post","type-post","status-publish","format-standard","has-post-thumbnail","hentry","category-alcaldia-de-cucuta","category-barra","category-la-voz-del-pueblo","tag-alcaldia-de-cucuta","tag-andi","tag-camara-de-comercio-de-cucuta","tag-decreto-153","tag-fenalco-norte-de-santander"],"_links":{"self":[{"href":"https:\/\/contraluzcucuta.co\/index.php?rest_route=\/wp\/v2\/posts\/35808","targetHints":{"allow":["GET"]}}],"collection":[{"href":"https:\/\/contraluzcucuta.co\/index.php?rest_route=\/wp\/v2\/posts"}],"about":[{"href":"https:\/\/contraluzcucuta.co\/index.php?rest_route=\/wp\/v2\/types\/post"}],"author":[{"embeddable":true,"href":"https:\/\/contraluzcucuta.co\/index.php?rest_route=\/wp\/v2\/users\/1"}],"replies":[{"embeddable":true,"href":"https:\/\/contraluzcucuta.co\/index.php?rest_route=%2Fwp%2Fv2%2Fcomments&post=35808"}],"version-history":[{"count":1,"href":"https:\/\/contraluzcucuta.co\/index.php?rest_route=\/wp\/v2\/posts\/35808\/revisions"}],"predecessor-version":[{"id":35810,"href":"https:\/\/contraluzcucuta.co\/index.php?rest_route=\/wp\/v2\/posts\/35808\/revisions\/35810"}],"wp:featuredmedia":[{"embeddable":true,"href":"https:\/\/contraluzcucuta.co\/index.php?rest_route=\/wp\/v2\/media\/35809"}],"wp:attachment":[{"href":"https:\/\/contraluzcucuta.co\/index.php?rest_route=%2Fwp%2Fv2%2Fmedia&parent=35808"}],"wp:term":[{"taxonomy":"category","embeddable":true,"href":"https:\/\/contraluzcucuta.co\/index.php?rest_route=%2Fwp%2Fv2%2Fcategories&post=35808"},{"taxonomy":"post_tag","embeddable":true,"href":"https:\/\/contraluzcucuta.co\/index.php?rest_route=%2Fwp%2Fv2%2Ftags&post=35808"}],"curies":[{"name":"wp","href":"https:\/\/api.w.org\/{rel}","templated":true}]}}