{"id":35805,"date":"2020-06-03T10:56:54","date_gmt":"2020-06-03T15:56:54","guid":{"rendered":"http:\/\/contraluzcucuta.co\/?p=35805"},"modified":"2020-06-03T10:56:54","modified_gmt":"2020-06-03T15:56:54","slug":"labateca-gobierno-entrego-67-viviendas-gratis","status":"publish","type":"post","link":"https:\/\/contraluzcucuta.co\/?p=35805","title":{"rendered":"LABATECA. Gobierno entreg\u00f3 67 viviendas gratis"},"content":{"rendered":"<p style=\"padding-left: 40px; text-align: right;\"><span style=\"color: #ff9900;\"><strong>LABATECA \u2013 Norte de Santander.-<\/strong> Sayda Milena Reatiga, ama de casa de 36 a\u00f1os, vive temporalmente en una parcela en la zona rural de Labateca. La acompa\u00f1an su hijo Juan Carlos, de 15 a\u00f1os, y su pareja, Gerson Enrique. Ahora, tras aplicar como madre soltera al programa de viviendas gratis cumpli\u00f3 el sue\u00f1o de tener techo propio.<\/span><\/p>\n<p>\u201cPara nosotros es una gran felicidad, porque tendremos bienestar y seguridad. Es algo que cualquier colombiano y, en general, cualquier ser humano desea\u201d, dijo Reatiga, quien gana dos salarios m\u00ednimos.<\/p>\n<p>Otros 66 beneficiarios recibieron viviendas, durante un acto que el ministro de Vivienda, Jonathan Malag\u00f3n, acompa\u00f1\u00f3 virtualmente. Se trata de apartamentos de 47 metros cuadrados, distribuidos en 6 torres de 4 pisos cada una, con 4 unidades por nivel.<\/p>\n<p>En el gobierno del presidente Iv\u00e1n Duque se ha iniciado la construcci\u00f3n de 6997 Viviendas de Inter\u00e9s Prioritario (VIP), en desarrollo de la fase 2 del programa de vivienda gratuita, que corresponde al 25 %.<\/p>\n<p>Se terminaron 55 nuevos proyectos para un total de 79 ejecutados. A la fecha, se ha desarrollado el programa en el 70 %, \u00a0con 16.468 VIP desarrolladas, de las 25.968 en las que se han ejecutado obras de construcci\u00f3n.<\/p>\n","protected":false},"excerpt":{"rendered":"<p>LABATECA \u2013 Norte de Santander.- Sayda Milena Reatiga, ama de casa de 36 a\u00f1os, vive temporalmente en una parcela en la zona rural de Labateca. La acompa\u00f1an su hijo Juan Carlos, de 15 a\u00f1os, y su pareja, Gerson Enrique. Ahora, tras aplicar como madre soltera al programa de viviendas gratis cumpli\u00f3 el sue\u00f1o de tener &hellip;<\/p>\n","protected":false},"author":1,"featured_media":35806,"comment_status":"open","ping_status":"open","sticky":false,"template":"","format":"standard","meta":{"footnotes":""},"categories":[4,36],"tags":[3255,4940,75,4941],"class_list":["post-35805","post","type-post","status-publish","format-standard","has-post-thumbnail","hentry","category-barra","category-la-voz-del-pueblo","tag-labateca","tag-minvivienda","tag-municipios-de-norte-de-santander","tag-viviendas-de-interes-prioritario"],"_links":{"self":[{"href":"https:\/\/contraluzcucuta.co\/index.php?rest_route=\/wp\/v2\/posts\/35805","targetHints":{"allow":["GET"]}}],"collection":[{"href":"https:\/\/contraluzcucuta.co\/index.php?rest_route=\/wp\/v2\/posts"}],"about":[{"href":"https:\/\/contraluzcucuta.co\/index.php?rest_route=\/wp\/v2\/types\/post"}],"author":[{"embeddable":true,"href":"https:\/\/contraluzcucuta.co\/index.php?rest_route=\/wp\/v2\/users\/1"}],"replies":[{"embeddable":true,"href":"https:\/\/contraluzcucuta.co\/index.php?rest_route=%2Fwp%2Fv2%2Fcomments&post=35805"}],"version-history":[{"count":1,"href":"https:\/\/contraluzcucuta.co\/index.php?rest_route=\/wp\/v2\/posts\/35805\/revisions"}],"predecessor-version":[{"id":35807,"href":"https:\/\/contraluzcucuta.co\/index.php?rest_route=\/wp\/v2\/posts\/35805\/revisions\/35807"}],"wp:featuredmedia":[{"embeddable":true,"href":"https:\/\/contraluzcucuta.co\/index.php?rest_route=\/wp\/v2\/media\/35806"}],"wp:attachment":[{"href":"https:\/\/contraluzcucuta.co\/index.php?rest_route=%2Fwp%2Fv2%2Fmedia&parent=35805"}],"wp:term":[{"taxonomy":"category","embeddable":true,"href":"https:\/\/contraluzcucuta.co\/index.php?rest_route=%2Fwp%2Fv2%2Fcategories&post=35805"},{"taxonomy":"post_tag","embeddable":true,"href":"https:\/\/contraluzcucuta.co\/index.php?rest_route=%2Fwp%2Fv2%2Ftags&post=35805"}],"curies":[{"name":"wp","href":"https:\/\/api.w.org\/{rel}","templated":true}]}}