{"id":35713,"date":"2020-05-22T17:00:14","date_gmt":"2020-05-22T22:00:14","guid":{"rendered":"http:\/\/contraluzcucuta.co\/?p=35713"},"modified":"2020-05-22T17:00:14","modified_gmt":"2020-05-22T22:00:14","slug":"comentario-pacto-contra-la-violencia","status":"publish","type":"post","link":"https:\/\/contraluzcucuta.co\/?p=35713","title":{"rendered":"COMENTARIO. Pacto contra la violencia"},"content":{"rendered":"<p style=\"padding-left: 40px; text-align: right;\"><span style=\"color: #ff9900;\">Se\u00f1ores consumadores de la violencia, det\u00e9ngase en sus nefandos prop\u00f3sitos, perm\u00edtanos explorar alternativas democr\u00e1ticas y encontrar una sociedad moderna sin tanta desigualdad y pobreza. No sigan dej\u00e1ndose arrebatar por el odio, las ambiciones de acumulaci\u00f3n y la incapacidad de resistir la cr\u00edtica, diriman las diferencias en el marco de la Constituci\u00f3n y la ley. Hagamos un pacto contra la violencia.<\/span><\/p>\n<p>Cesen la ambici\u00f3n de controlar todo mediante el enga\u00f1o, el miedo, la manipulaci\u00f3n, el sicariato moral y la violencia. No se manchen m\u00e1s las manos de sangre.\u00a0 Ustedes son responsables, en buena medida, del atraso de la ciudad y del departamento. Algunos han pasado por la vida p\u00fablica, dilapidaron recursos, se enriquecieron, acumularon tierras o son due\u00f1os de empresa. Es hora de que tranquilicen sus conciencias en ambientes de paz y de concordia.<\/p>\n<p>Por esa violencia se polariz\u00f3 la vida pol\u00edtica y hemos perdido personas brillantes: pol\u00edticos, intelectuales, acad\u00e9micos, l\u00edderes sociales y de empresa. Perdimos a los doctores Jorge Cristo y Eustorgio Colmenares, a l\u00edderes de la cr\u00edtica como Tirso V\u00e9lez y Carlos Bernal, y a miles de inocentes. Si esas voces inocentes hablaran pedir\u00edan a gritos que se detenga el odio para siempre.<\/p>\n<p>Yo tuve que escapar al monte a refugiar mis ideas y mi vida en la lucha armada y regres\u00e9 con un acuerdo de paz entre mis manos llamando al di\u00e1logo, al perd\u00f3n y a la reconciliaci\u00f3n. Llamando a que luchemos por una democracia que cierre definitivamente la guerra y la desigualdad en todas sus manifestaciones. En este tiempo he encontrado a personas como Jorge Iv\u00e1n Laverde, l\u00edder de las extintas Auc, con quien hablamos suficiente como para entender con m\u00e1s claridad sobre la responsabilidad con el conflicto m\u00e1s cruel que hayamos conocido en este territorio y sus v\u00edctimas.<\/p>\n<p>Se\u00f1ores, no dejemos perder esta oportunidad. En qu\u00e9 lugar del mundo no hay conflicto de intereses, m\u00e1s en regiones como estas donde lo que se sigue cultivando es abandono, desigualdad y pobreza. No dejemos que la diferencia nos lleve a la atrocidad, sino a la inteligencia y la concordia. Los llamo a la sind\u00e9resis y a contribuir para que la violencia no siga ense\u00f1oreada llev\u00e1ndose entre manos ensangrentadas sue\u00f1os de personas que como ustedes tambi\u00e9n tienen derecho a la vida. Los llamo al respeto a la cr\u00edtica, esta es la \u00fanica arma que est\u00e1 permitida a millones de colombianos para buscar el orden de las cosas seg\u00fan sus ideas.<\/p>\n<p>De paso decirle a la comunidad que no tengo nada que ver con los conflictos de tierras en Ciudad Rodeo y en ninguna otra parte. Llamo a la Fiscal\u00eda General de la Naci\u00f3n a investigar exhaustivamente las irregularidades y los cr\u00edmenes ocurridos en Ciudad Rodeo para que sean los jueces que hagan justicia con total trasparencia.\u00a0 El derecho natural no tiene raz\u00f3n de existir, no es legal ni leg\u00edtimo.<\/p>\n<p>Y sepan que me duelen la pobreza y el abandono de miles de familias que en esta ciudad no tienen un pedazo de tierra d\u00f3nde construir vivienda. Igual caso en que estamos los excombatientes de las FARC-EP, que nos jugamos todo por la paz. En tanto, sicarios morales nos maltratan, nos calumnian y nos estigmatizan, prepar\u00e1ndonos para lanzarnos a las garras de la violencia de la manera m\u00e1s cobarde.<\/p>\n<p>Hagamos un pacto por la decencia en el ejercicio de la pol\u00edtica y las controversias sociales, por el di\u00e1logo social y pol\u00edtico, la paz, los acuerdos humanitarios, la trasparencia, la honestidad, la moral p\u00fablica y el bien com\u00fan. Ayudemos a construir ciudad desde una perspectiva de progreso, reconciliaci\u00f3n y el resarcimiento. No m\u00e1s v\u00edctimas en el camino de la cr\u00edtica social y pol\u00edtica.<\/p>\n<p><strong>RUB\u00c9N ZAMORA<\/strong><\/p>\n","protected":false},"excerpt":{"rendered":"<p>Se\u00f1ores consumadores de la violencia, det\u00e9ngase en sus nefandos prop\u00f3sitos, perm\u00edtanos explorar alternativas democr\u00e1ticas y encontrar una sociedad moderna sin tanta desigualdad y pobreza. No sigan dej\u00e1ndose arrebatar por el odio, las ambiciones de acumulaci\u00f3n y la incapacidad de resistir la cr\u00edtica, diriman las diferencias en el marco de la Constituci\u00f3n y la ley. Hagamos &hellip;<\/p>\n","protected":false},"author":1,"featured_media":35714,"comment_status":"open","ping_status":"open","sticky":false,"template":"","format":"standard","meta":{"footnotes":""},"categories":[14,4],"tags":[1250,3870,4913],"class_list":["post-35713","post","type-post","status-publish","format-standard","has-post-thumbnail","hentry","category-articulistas","category-barra","tag-ciudad-rodeo","tag-ruben-zamora","tag-violencia-en-cucuta"],"_links":{"self":[{"href":"https:\/\/contraluzcucuta.co\/index.php?rest_route=\/wp\/v2\/posts\/35713","targetHints":{"allow":["GET"]}}],"collection":[{"href":"https:\/\/contraluzcucuta.co\/index.php?rest_route=\/wp\/v2\/posts"}],"about":[{"href":"https:\/\/contraluzcucuta.co\/index.php?rest_route=\/wp\/v2\/types\/post"}],"author":[{"embeddable":true,"href":"https:\/\/contraluzcucuta.co\/index.php?rest_route=\/wp\/v2\/users\/1"}],"replies":[{"embeddable":true,"href":"https:\/\/contraluzcucuta.co\/index.php?rest_route=%2Fwp%2Fv2%2Fcomments&post=35713"}],"version-history":[{"count":1,"href":"https:\/\/contraluzcucuta.co\/index.php?rest_route=\/wp\/v2\/posts\/35713\/revisions"}],"predecessor-version":[{"id":35715,"href":"https:\/\/contraluzcucuta.co\/index.php?rest_route=\/wp\/v2\/posts\/35713\/revisions\/35715"}],"wp:featuredmedia":[{"embeddable":true,"href":"https:\/\/contraluzcucuta.co\/index.php?rest_route=\/wp\/v2\/media\/35714"}],"wp:attachment":[{"href":"https:\/\/contraluzcucuta.co\/index.php?rest_route=%2Fwp%2Fv2%2Fmedia&parent=35713"}],"wp:term":[{"taxonomy":"category","embeddable":true,"href":"https:\/\/contraluzcucuta.co\/index.php?rest_route=%2Fwp%2Fv2%2Fcategories&post=35713"},{"taxonomy":"post_tag","embeddable":true,"href":"https:\/\/contraluzcucuta.co\/index.php?rest_route=%2Fwp%2Fv2%2Ftags&post=35713"}],"curies":[{"name":"wp","href":"https:\/\/api.w.org\/{rel}","templated":true}]}}