{"id":35710,"date":"2020-05-22T11:06:34","date_gmt":"2020-05-22T16:06:34","guid":{"rendered":"http:\/\/contraluzcucuta.co\/?p=35710"},"modified":"2020-05-22T11:06:34","modified_gmt":"2020-05-22T16:06:34","slug":"restitucion-de-tierras-victimas-de-despojo-seran-compensados-con-nuevos-predios","status":"publish","type":"post","link":"https:\/\/contraluzcucuta.co\/?p=35710","title":{"rendered":"RESTITUCI\u00d3N DE TIERRAS. V\u00edctimas de despojo ser\u00e1n compensados con nuevos predios"},"content":{"rendered":"<p style=\"padding-left: 40px; text-align: right;\"><span style=\"color: #ff9900;\"><strong>C\u00daCUTA.<\/strong> Muchas dudas invadieron durante a\u00f1os a Aureliana Morales*, Sardinata, v\u00edctima de desplazamiento en dos oportunidades y solicitante de restituci\u00f3n de tierras. Esta incertidumbre lleg\u00f3 a su fin con la noticia que ser\u00e1 beneficiaria de restituci\u00f3n de tierras y podr\u00e1 tener un predio para que con sus hijos impulsen el proyecto de vida.<\/span><\/p>\n<p>La historia comenz\u00f3 en el 2003, cuando fue desplazada en medio de hechos violentos. El despojo la llev\u00f3 a El Zulia, espec\u00edficamente a La Ye Astilleros, donde adquiri\u00f3 &#8211; mediante compraventa &#8211; el predio en el que vivi\u00f3 7 a\u00f1os. All\u00ed fue v\u00edctima de amenazas por parte de grupos paramilitares que la llevaron a abandonar, de nuevo, su casa.<\/p>\n<p>En ese camino de despojo y desplazamiento, Aureliana se enter\u00f3 de la existencia de la Unidad de Restituci\u00f3n de Tierras (URT). Comenz\u00f3 la reclamaci\u00f3n de la tierra que dej\u00f3 en Sardinata, en defensa del derecho a la restituci\u00f3n.<\/p>\n<p>El caso fue estudiado por el Tribunal Especializado de Restituci\u00f3n de Tierras de C\u00facuta, que profiri\u00f3 sentencia a su favor. El \u00f3rgano judicial ordena a la URT compensarla con un predio de similares caracter\u00edsticas del que fue despojada y otorgarle un proyecto productivo agropecuario.<\/p>\n<p>La beneficiaria no regresar\u00e1 al antiguo predio, por seguridad. El terreno pasar\u00e1 al Fondo de la URT, que lo entregar\u00e1 a otros beneficiarios de restituci\u00f3n. Aureliana escoger\u00e1 si en compensaci\u00f3n prefiere asentarse en la zona urbana o rural.<\/p>\n<p>Adem\u00e1s de obtener el derecho a la restituci\u00f3n, a la v\u00edctima y su familia se les condonar\u00e1n las deudas por impuesto predial que tenga el predio solicitado y recibir\u00e1n la titulaci\u00f3n.<\/p>\n<p>Entre las \u00f3rdenes del Tribunal se contempla que la familia, beneficiada por el fallo, sea incluida en el Registro \u00danico de V\u00edctimas, lo que permitir\u00e1 acceder a atenci\u00f3n sicosocial y a la evaluaci\u00f3n de la calidad educativa de los miembros del hogar. El fin es apoyarlos en los procesos educativos de b\u00e1sica primaria y secundaria, sin costo.<\/p>\n<p>El Sena apoyar\u00e1 a la familia con espacios de formaci\u00f3n y capacitaci\u00f3n t\u00e9cnica en proyectos especiales para el auto sostenimiento. De esta manera, se garantiza que la reparaci\u00f3n sea integral y que la trasformaci\u00f3n de vidas que ofrece el proceso de restituci\u00f3n sea sostenible.<\/p>\n<p>*Nombre cambiado<\/p>\n","protected":false},"excerpt":{"rendered":"<p>C\u00daCUTA. Muchas dudas invadieron durante a\u00f1os a Aureliana Morales*, Sardinata, v\u00edctima de desplazamiento en dos oportunidades y solicitante de restituci\u00f3n de tierras. Esta incertidumbre lleg\u00f3 a su fin con la noticia que ser\u00e1 beneficiaria de restituci\u00f3n de tierras y podr\u00e1 tener un predio para que con sus hijos impulsen el proyecto de vida. La historia &hellip;<\/p>\n","protected":false},"author":1,"featured_media":35711,"comment_status":"open","ping_status":"open","sticky":false,"template":"","format":"standard","meta":{"footnotes":""},"categories":[4,5],"tags":[1214,3662],"class_list":["post-35710","post","type-post","status-publish","format-standard","has-post-thumbnail","hentry","category-barra","category-justicia-transicional","tag-restitucion-de-tierras","tag-urt-norte-de-santander"],"_links":{"self":[{"href":"https:\/\/contraluzcucuta.co\/index.php?rest_route=\/wp\/v2\/posts\/35710","targetHints":{"allow":["GET"]}}],"collection":[{"href":"https:\/\/contraluzcucuta.co\/index.php?rest_route=\/wp\/v2\/posts"}],"about":[{"href":"https:\/\/contraluzcucuta.co\/index.php?rest_route=\/wp\/v2\/types\/post"}],"author":[{"embeddable":true,"href":"https:\/\/contraluzcucuta.co\/index.php?rest_route=\/wp\/v2\/users\/1"}],"replies":[{"embeddable":true,"href":"https:\/\/contraluzcucuta.co\/index.php?rest_route=%2Fwp%2Fv2%2Fcomments&post=35710"}],"version-history":[{"count":1,"href":"https:\/\/contraluzcucuta.co\/index.php?rest_route=\/wp\/v2\/posts\/35710\/revisions"}],"predecessor-version":[{"id":35712,"href":"https:\/\/contraluzcucuta.co\/index.php?rest_route=\/wp\/v2\/posts\/35710\/revisions\/35712"}],"wp:featuredmedia":[{"embeddable":true,"href":"https:\/\/contraluzcucuta.co\/index.php?rest_route=\/wp\/v2\/media\/35711"}],"wp:attachment":[{"href":"https:\/\/contraluzcucuta.co\/index.php?rest_route=%2Fwp%2Fv2%2Fmedia&parent=35710"}],"wp:term":[{"taxonomy":"category","embeddable":true,"href":"https:\/\/contraluzcucuta.co\/index.php?rest_route=%2Fwp%2Fv2%2Fcategories&post=35710"},{"taxonomy":"post_tag","embeddable":true,"href":"https:\/\/contraluzcucuta.co\/index.php?rest_route=%2Fwp%2Fv2%2Ftags&post=35710"}],"curies":[{"name":"wp","href":"https:\/\/api.w.org\/{rel}","templated":true}]}}