{"id":35704,"date":"2020-05-21T12:58:34","date_gmt":"2020-05-21T17:58:34","guid":{"rendered":"http:\/\/contraluzcucuta.co\/?p=35704"},"modified":"2020-05-21T12:58:34","modified_gmt":"2020-05-21T17:58:34","slug":"mano-a-mano-con-juan-pablo-marin-ahorraba-500-diarios-para-comprar-mis-guayos","status":"publish","type":"post","link":"https:\/\/contraluzcucuta.co\/?p=35704","title":{"rendered":"MANO A MANO CON JUAN PABLO MAR\u00cdN. \u201cAhorraba $ 500 diarios para comprar mis guayos\u201d"},"content":{"rendered":"<p style=\"padding-left: 40px; text-align: right;\"><span style=\"color: #ff9900;\"><strong>C\u00daCUTA.-<\/strong> Esfuerzo, dedicaci\u00f3n y apoyo. Eso recibi\u00f3 desde peque\u00f1o Juan Pablo Mar\u00edn para labrarse el camino. Lleg\u00f3 a una convocatoria solo para cumplir la cita y se encontr\u00f3 la oportunidad de debutar en el f\u00fatbol. Entre los momentos determinantes para la carrera est\u00e1 el gol frente a la Equidad.<\/span><\/p>\n<p><strong>\u00bfEs cierto que su hermano influy\u00f3 en su inicio en el f\u00fatbol?<\/strong><\/p>\n<ul>\n<li><em>S\u00ed. \u00c1lvaro influy\u00f3 mucho, porque era el que me dec\u00eda: \u201cvamos, lo llevo a entrenar\u201d. Si perd\u00eda un partido o lo jugaba mal, me correg\u00eda. Al igual que mi hermana Mar\u00eda, me han apoyado en todo momento. Juntos a mis padres me han respaldado desde mi ni\u00f1ez. Vivo contento, porque van a estar a mi lado gracias a Dios. <\/em><\/li>\n<\/ul>\n<p><strong>\u00bfQu\u00e9 recuerda de la infancia?<\/strong><\/p>\n<ul>\n<li><em>En el 2006, me gustaba tapar. En el colegio y donde entrenaba dec\u00eda: \u201cyo tapo, yo tapo\u201d. Luego me aburri\u00f3 y no me gustaba el arco. Cuando entrenaba con el club Racing, me sent\u00ed bien, me crie de buena manera. Pas\u00e9 a Aniversario y me becaron. Hice el proceso juvenil, me destaqu\u00e9, me apoyaban los pap\u00e1s de mis compa\u00f1eros, me levantaban cuando estaba mal. Son bonitos recuerdos. <\/em><\/li>\n<\/ul>\n<p><strong>\u00bfC\u00f3mo fueron esos primeros entrenamientos?<\/strong><\/p>\n<ul>\n<li><em>Fueron aqu\u00ed en el barrio. Fue una experiencia bonita, porque jugaba con mis vecinos, con mis amigos. Gracias a ellos aprend\u00ed el valor de la amistad. \u00c9ramos cuatro ni\u00f1os y algunos vecinos con los que la pas\u00e1bamos felices con la pelota. Era un juego constante y un entrenamiento permanente. <\/em><\/li>\n<\/ul>\n<p><strong>\u00bfQu\u00e9 influencia tiene el club Aniversario en su formaci\u00f3n?<\/strong><\/p>\n<ul>\n<li><em>Fue el club que m\u00e1s me marc\u00f3 de todos los equipos en los que jugu\u00e9. Llegu\u00e9 a los 12 a\u00f1os. Los Palencia, Manuel y Fernando, nunca me gritaron, no me rega\u00f1aban y me correg\u00edan. Tanto en lo futbol\u00edstico como en lo personal me ense\u00f1aron a ser fuerte, a defenderme, a salir adelante, a perder el miedo, a buscar los grandes retos. Aniversario fue la influencia m\u00e1s grande que tuve en la juventud.<\/em><\/li>\n<\/ul>\n<p><strong>\u00bfLos primeros guayos salieron del dinero para el recreo?<\/strong><\/p>\n<ul>\n<li><em>Si claro, fueron unos F50, blancos. Los pagamos entre mi padre, mi hermano y yo. Todos los d\u00edas daba $ 500 de mi descanso. No me acuerdo cu\u00e1nto tiempo pas\u00e9 con ese ahorro. Mi hermano y mi padre me colaboraban, cada 15 d\u00edas, con $ 20.000 hasta que reunimos lo suficiente, gracias a Dios. Desde el primer momento me encantaron, era muy lindos. <\/em><\/li>\n<\/ul>\n<p><strong>\u00bfC\u00f3mo lleg\u00f3 al C\u00facuta Deportivo Sub 20?<\/strong><\/p>\n<ul>\n<li><em>Llegu\u00e9 en el 2018, por las convocatorias que hizo el profesor David Su\u00e1rez en la cancha de Vallehester. No ten\u00eda pensado ir, pero mi hermano y mi pap\u00e1 me dijeron que me presentara, que era excelente oportunidad para llegar al profesionalismo. Insistieron con el tema hasta que fui. Desde el primer d\u00eda me mantuve, me gan\u00e9 la confianza de David, me fue bien y estuve en equipos titulares y suplentes. <\/em><\/li>\n<\/ul>\n<p><strong>\u00bfQui\u00e9n es David Su\u00e1rez en su carrera futbol\u00edstica?<\/strong><\/p>\n<ul>\n<li><em>Me ense\u00f1\u00f3 a pensar como futbolista profesional, en vez de amateur, que este f\u00fatbol es distinto, de m\u00e1s fuerza, coraje, lucha, resistencia, dedicaci\u00f3n, entrega. Era entrenar hasta que la jugada saliera como quer\u00eda. Eran dos o tres horas y correg\u00eda al instante, eso nos gustaba. Estuvo con nosotros en las buenas, en las malas, en las peores y nos aport\u00f3 mucho.<\/em><\/li>\n<\/ul>\n<p><strong>\u00bfConoc\u00eda el gusto de Lucas Pusineri y Rub\u00e9n Tanucci en ese 2018? \u00bfQu\u00e9 opina de los argentinos?<\/strong><\/p>\n<ul>\n<li><em>Con Lucas ten\u00edamos una comunicaci\u00f3n fluida cuando sub\u00eda al primer equipo. Eran charlas llenas de risa, me preguntaba de mi vida, si hab\u00eda desayunado. Me gust\u00f3 debutar por su pasado futbol\u00edstico. Aprend\u00ed mucho. Ambos me ense\u00f1aron a luchar por mis sue\u00f1os y a esforzarme. Me siento agradecido. <\/em><\/li>\n<\/ul>\n<p><strong>\u00bfRecuerda su convocatoria frente a Bogot\u00e1?<\/strong><\/p>\n<ul>\n<li><em> Tengo ese lindo recuerdo de mi primer juego como profesional en la Primera B. Fue una experiencia linda, porque aprend\u00ed a concentrarme, a calentar con un equipo profesional, a apoyarme con los compa\u00f1eros. Antes de entrar a jugar Pusineri me dijo: \u201cdale, agarr\u00e1 el bal\u00f3n e intent\u00e1 ir hacia adelante, que tus compa\u00f1eros te apoyan\u201d. Ese d\u00eda Lucas me dio confianza y sal\u00ed alegre, se dio el resultado, quer\u00eda marcar gol, luego entend\u00ed que eso es poco a poco.<\/em><\/li>\n<\/ul>\n<p><strong>\u00bfQu\u00e9 pasaba por su mente antes del debut?<\/strong><\/p>\n<ul>\n<li><em>Ten\u00eda nervios, ansiedad, ganas de salir a la cancha, que me metieran a jugar. No quer\u00eda volver a viajar y estar en el banco como otras veces. Anhelaba mi debut, deseaba entrar y hacer gol o una asistencia. En esos minutos Lucas me dio la confianza y me sent\u00ed feliz.<\/em><\/li>\n<\/ul>\n<p><strong>\u00bfC\u00f3mo eval\u00faa ese juego en el estadio de Techo?<\/strong><\/p>\n<ul>\n<li><em>Me fue bien. Tuve la posibilidad de pedir el bal\u00f3n, de encarar para sacar a alg\u00fan rival, buscaba la falta para crear opciones, intentaba parar la pelota, pero se me iba por debajo del pie. El profesor Lucas me dijo, despu\u00e9s del juego, que mi debut hab\u00eda sido el m\u00e1s dif\u00edcil que le toc\u00f3 ver de un juvenil, porque empezamos iguales en el marcador. Despu\u00e9s, se dio vuelta al resultado, en condici\u00f3n de visitante con solo diez minutos jugados era una situaci\u00f3n dura. <\/em><\/li>\n<\/ul>\n<p><strong>\u00bfLe cost\u00f3 la pretemporada en Bogot\u00e1 al lado de Jairo Pati\u00f1o? <\/strong><\/p>\n<ul>\n<li><em>Me cost\u00f3, creo que por el clima. Soy malo para adaptarme en el fr\u00edo. Me ha pegado el ahogo fuerte, en eso he mejorado. El profesor Pati\u00f1o fue bueno conmigo, me ense\u00f1\u00f3 a que deb\u00eda patear mas al borde del \u00e1rea, no deb\u00eda hacer tantas jugadas en la mitad del campo, ten\u00eda que enganchar del \u00e1rea chica hacia adentro y le aprend\u00ed mucho.<\/em><\/li>\n<\/ul>\n<p><strong>\u00bfQu\u00e9 opina del profe Jairo Pati\u00f1o? <\/strong><\/p>\n<ul>\n<li><em>Era un director t\u00e9cnico bueno. Me gustaban los entrenamientos, porque era competencia. El que perd\u00eda pagaba la merienda para el grupo o alguna penitencia. Eran exigentes las rutinas, hab\u00eda que pegarle al arco, se pateaba. Ten\u00eda buena manera de hablar con los jugadores, explicaba qu\u00e9 ten\u00edamos para mejorar.<\/em><\/li>\n<\/ul>\n<p><strong>\u00bfRecuerda su primer partido en primera divisi\u00f3n? <\/strong><\/p>\n<ul>\n<li><em>S\u00ed, claro. Fue contra Alianza Petrolera, en condici\u00f3n de local. Entr\u00e9 al minuto 65, prefer\u00ed dar el pase antes que pegarle al arco. Pens\u00e9 que era mejor y la decisi\u00f3n correcta era mirar al arco. Aprend\u00ed a que hay que buscar el arco, a pedirla y agarr\u00e9 confianza.<\/em><\/li>\n<\/ul>\n<p><strong>Gol frente a Equidad. \u00bfQu\u00e9 sinti\u00f3?<\/strong><\/p>\n<ul>\n<li><em>Para un jugador va a ser lindo recordar el debut, el primer juego como titular y la primera anotaci\u00f3n. Iniciamos la jugada y llev\u00e1bamos el bal\u00f3n del lado a lado. Se la tocan a \u2018Manga\u2019 Escobar, me da la pelota con confianza, no importaba si era mi primer juego como titular, pens\u00e9 en pegarle, nada m\u00e1s. Gracias a Dios sali\u00f3 el gol, producto del esfuerzo de mis compa\u00f1eros y m\u00edo sobre lo que se trabaj\u00f3 durante la semana. Lo triste fue el resultado de esa tarde. <\/em><\/li>\n<\/ul>\n<p><strong>\u00bfSe siente identificado con el profesor Jorge Artigas? <\/strong><\/p>\n<ul>\n<li><em>S\u00ed. Le gusta mi manera de jugar en la parte ofensiva. Corro todo el partido, busco c\u00f3mo recuperar el bal\u00f3n, atacar r\u00e1pido o mantener la posesi\u00f3n del bal\u00f3n. En estos pocos entrenamientos me tiene referenciado.<\/em><\/li>\n<\/ul>\n<p><strong>\u00bfArtigas habla con frecuencia con los j\u00f3venes del plantel? \u00bfQu\u00e9 les dice? <\/strong><\/p>\n<ul>\n<li><em>S\u00ed. Habla con nosotros, porque bajamos la cabeza al momento de alguna falla con un gol o un mal ejercicio ejecutado. Somos r\u00e1pidos para aceptar los errores y eso le gusta. A pesar de errar opciones, siempre tenemos la cabeza en alto.<\/em><\/li>\n<\/ul>\n<p><strong>\u00bfCu\u00e1l es la perspectiva de Juan Pablo Mar\u00edn con respecto a este grupo? <\/strong><\/p>\n<ul>\n<li><em>Es buena. Hay juveniles y los veteranos nos colaboran fuera de la cancha. En los entrenamientos, cuando nos equivocamos, nos ayudan a levantar. No quieren que cometamos errores. Es un equipo unido, humilde, trabajador. Me siento orgulloso de este plantel.<\/em><\/li>\n<\/ul>\n<p><strong>\u00bfCu\u00e1l fue la clave para levantar el rumbo frente a Jaguares? <\/strong><\/p>\n<ul>\n<li><em>Creo que en cuanto a la t\u00e1ctica nos paramos bien. Fue importante la marca hombre a hombre. A pesar de ser un equipo juvenil, los experimentados nos ayudaron en todo momento. En cuanto a opciones, concretamos tres. Gracias a Dios nos llegaron pocas veces. Los tiros de banda, esquina, frontales, eso fue lo m\u00e1s importante junto con la uni\u00f3n. Llegamos contentos a C\u00facuta despu\u00e9s del juego y hasta los compa\u00f1eros que no estuvieron se pusieron felices. <\/em><\/li>\n<\/ul>\n<p><strong>\u00bfEn qu\u00e9 ha cambiado su vida? <\/strong><\/p>\n<ul>\n<li><em> Ahora, juego f\u00fatbol profesional, paso por las canchas donde entrenaba y recuerdo c\u00f3mo formaba este sue\u00f1o. Mi familia tiene m\u00e1s comodidades, he tenido la oportunidad de ayudar econ\u00f3micamente en la casa, trato de mejorar mi calidad de vida y eso me tiene feliz. Tanto an\u00edmica como f\u00edsicamente estoy m\u00e1s fuerte. <\/em><\/li>\n<\/ul>\n<p><strong>\u00bfC\u00f3mo podemos describir a Juan Pablo Mar\u00edn?<\/strong><\/p>\n<ul>\n<li><em>Soy agresivo en la ofensiva y tranquilo en defensa, bien parado en lo t\u00e1ctico. Perd\u00ed el miedo a jugar con futbolistas m\u00e1s grandes. Siempre quiero buscar la anotaci\u00f3n, el arco contrario, soy un deportista feliz dentro y fuera de la cancha. Vivo entre risas, serio en los momentos indicados. Mi familia me dice que mantenga la sonrisa en todo momento. <\/em><\/li>\n<\/ul>\n<p><strong>JORDY ORLANDO CRUZ<\/strong><\/p>\n","protected":false},"excerpt":{"rendered":"<p>C\u00daCUTA.- Esfuerzo, dedicaci\u00f3n y apoyo. Eso recibi\u00f3 desde peque\u00f1o Juan Pablo Mar\u00edn para labrarse el camino. Lleg\u00f3 a una convocatoria solo para cumplir la cita y se encontr\u00f3 la oportunidad de debutar en el f\u00fatbol. Entre los momentos determinantes para la carrera est\u00e1 el gol frente a la Equidad. \u00bfEs cierto que su hermano influy\u00f3 &hellip;<\/p>\n","protected":false},"author":1,"featured_media":35705,"comment_status":"open","ping_status":"open","sticky":false,"template":"","format":"standard","meta":{"footnotes":""},"categories":[4,28],"tags":[4753,4912,4075],"class_list":["post-35704","post","type-post","status-publish","format-standard","has-post-thumbnail","hentry","category-barra","category-vistazo-deportivo","tag-cucuta-deportivo-2020","tag-juan-pablo-marin","tag-mano-a-mano-con"],"_links":{"self":[{"href":"https:\/\/contraluzcucuta.co\/index.php?rest_route=\/wp\/v2\/posts\/35704","targetHints":{"allow":["GET"]}}],"collection":[{"href":"https:\/\/contraluzcucuta.co\/index.php?rest_route=\/wp\/v2\/posts"}],"about":[{"href":"https:\/\/contraluzcucuta.co\/index.php?rest_route=\/wp\/v2\/types\/post"}],"author":[{"embeddable":true,"href":"https:\/\/contraluzcucuta.co\/index.php?rest_route=\/wp\/v2\/users\/1"}],"replies":[{"embeddable":true,"href":"https:\/\/contraluzcucuta.co\/index.php?rest_route=%2Fwp%2Fv2%2Fcomments&post=35704"}],"version-history":[{"count":1,"href":"https:\/\/contraluzcucuta.co\/index.php?rest_route=\/wp\/v2\/posts\/35704\/revisions"}],"predecessor-version":[{"id":35706,"href":"https:\/\/contraluzcucuta.co\/index.php?rest_route=\/wp\/v2\/posts\/35704\/revisions\/35706"}],"wp:featuredmedia":[{"embeddable":true,"href":"https:\/\/contraluzcucuta.co\/index.php?rest_route=\/wp\/v2\/media\/35705"}],"wp:attachment":[{"href":"https:\/\/contraluzcucuta.co\/index.php?rest_route=%2Fwp%2Fv2%2Fmedia&parent=35704"}],"wp:term":[{"taxonomy":"category","embeddable":true,"href":"https:\/\/contraluzcucuta.co\/index.php?rest_route=%2Fwp%2Fv2%2Fcategories&post=35704"},{"taxonomy":"post_tag","embeddable":true,"href":"https:\/\/contraluzcucuta.co\/index.php?rest_route=%2Fwp%2Fv2%2Ftags&post=35704"}],"curies":[{"name":"wp","href":"https:\/\/api.w.org\/{rel}","templated":true}]}}