{"id":35694,"date":"2020-05-19T17:40:49","date_gmt":"2020-05-19T22:40:49","guid":{"rendered":"http:\/\/contraluzcucuta.co\/?p=35694"},"modified":"2020-05-19T17:40:49","modified_gmt":"2020-05-19T22:40:49","slug":"mesa-de-genero-cooperacion-internacional-reafirma-compromiso-con-empoderamiento-de-mujeres-en-colombia","status":"publish","type":"post","link":"https:\/\/contraluzcucuta.co\/?p=35694","title":{"rendered":"MESA DE G\u00c9NERO. Cooperaci\u00f3n Internacional reafirma compromiso con empoderamiento de mujeres en Colombia"},"content":{"rendered":"<p style=\"padding-left: 40px; text-align: right;\"><span style=\"color: #ff9900;\"><strong>Bogot\u00e1.-<\/strong> Embajadores de 13 pa\u00edses y representantes de 19 agencias de cooperaci\u00f3n internacional y organismos multilaterales, integrantes de la Mesa de Cooperaci\u00f3n en Asuntos de G\u00e9nero, reafirmaron su apoyo a la agenda que lidera la Vicepresidente Marta Luc\u00eda Ram\u00edrez, en equidad de la mujer, durante la reuni\u00f3n plenaria extraordinaria de alto nivel.<\/span><\/p>\n<p style=\"padding-left: 40px; text-align: left;\">Ante los embajadores de Dinamarca, Francia, Italia, B\u00e9lgica, Suecia, Finlandia, Noruega, Irlanda, Austria, Espa\u00f1a, Eslovenia, M\u00e9xico, Alemania, y la representante de la Uni\u00f3n Europea en Colombia (que integra a 32 pa\u00edses) y los representantes de organismos como UNFDPA, PNUD, FAO, OIM, BID y Banco Mundial, Unicef, ONU para DD.HH en Colombia, UNODP, ACNUR, GIZ, IRI, ONU Mujeres en Colombia, entre otros, la Vicepresidente expuso los proyectos priorizados en la agenda del Gobierno, en raz\u00f3n a los preocupantes efectos diferenciados por la emergencia sanitaria derivada del COVID.<\/p>\n<p>En el marco de la pandemia del COVID-19, Colombia le apuesta a la repotenciaci\u00f3n del aparato productivo para recuperar la senda del crecimiento econ\u00f3mico e identificar sectores que puedan generar mayor vinculaci\u00f3n laboral a las mujeres, con emprendimientos escalables, rentables y sostenibles que les garantice un mejor nivel de vida. \u201cUno de los ejes centrales de la estrategia de repotenciaci\u00f3n econ\u00f3mica, es la implementaci\u00f3n de programas que le permitan a las mujeres la incorporaci\u00f3n real y efectiva a la vida productiva del pa\u00eds\u201d, se\u00f1al\u00f3 a Vicepresidente Marta Luc\u00eda Ram\u00edrez.<\/p>\n<p>La Embajadora de la Uni\u00f3n Europea en Colombia, Patricia Llombart, quien preside la Mesa de G\u00e9nero, reiter\u00f3 el compromiso de la cooperaci\u00f3n internacional con las prioridades del pa\u00eds y se comprometi\u00f3 a analizar los mecanismos para continuar acompa\u00f1ando a Colombia en esta lucha por la defensa de la Mujer y sus espacios en la sociedad colombiana.<\/p>\n<p>Por su parte, la Representante de ONU Mujeres, Ana G\u00fcezmes destac\u00f3 el liderazgo de Colombia en la Regi\u00f3n para alcanzar mayor inclusi\u00f3n financiera y econ\u00f3mica de las mujeres, y, las estrategias que lidera la Vicepresidente Ram\u00edrez en pro del empoderamiento de ellas.<\/p>\n<p>La Consejer\u00eda Presidencial para la Equidad de la Mujer, en cabeza de Gheidy Gallo, desarrolla en materia de fortalecimiento institucional, prevenci\u00f3n y atenci\u00f3n de violencias, mayor participaci\u00f3n en pol\u00edtica, el empoderamiento en la construcci\u00f3n de paz y empoderamiento econ\u00f3mico de las mujeres.<\/p>\n<p>La Vicepresidente afirm\u00f3 que \u201ces fundamental gestionar una mayor inclusi\u00f3n productiva de las mujeres y, con mayor raz\u00f3n, ahora a ra\u00edz de la pandemia. Estamos trabajando para la repotenciaci\u00f3n de la econom\u00eda y sacar adelante una propuesta de asociatividad, con el sector solidario, para tratar de vincular a varias mujeres a trav\u00e9s de cooperativas que puedan tener proyectos escalables, rentables, sostenibles y que les garanticen un mejor nivel de vida\u201d.<\/p>\n<p>Asegur\u00f3 que todos los programas presentados a cooperaci\u00f3n internacional ya cuentan con presupuestos estimados y con un enfoque regional que permitir\u00e1 llegar a todos los departamentos del pa\u00eds, en especial lo relacionado con el empoderamiento econ\u00f3mico de las mujeres.<\/p>\n<p>Se refiri\u00f3 al apoyo propuesto por el Embajador de Noruega para seguir avanzando en la implementaci\u00f3n del enfoque de g\u00e9nero en el Acuerdo de Paz y el proyecto espec\u00edfico para la protecci\u00f3n de lideresas sociales y defensoras de derechos humanos en Colombia, as\u00ed como impulsar el proyecto de las Casas de Mujeres Empoderadas en varias regiones del pa\u00eds.<\/p>\n<p>Adicionalmente a esto, la Vicepresidente manifest\u00f3 la necesidad de fortalecer la L\u00ednea 155 para continuar con la orientaci\u00f3n, fortalecer las Comisar\u00edas de Familia y consolidar una campa\u00f1a que ayude a eliminar la violencia de g\u00e9nero. Agradeci\u00f3 el apoyo que ha venido recibiendo el Gobierno en todos los temas para la prevenci\u00f3n de violencias y la consolidaci\u00f3n del Observatorio Colombiano de las Mujeres como plataforma indispensable para consolidar datos sobre la situaci\u00f3n de las mujeres en el pa\u00eds.<\/p>\n<p>Finalmente, la alta funcionaria record\u00f3 la importancia de medir los avances de las acciones que se realicen con Cooperaci\u00f3n Internacional. \u201cEs importante garantizar que todo lo que se haga por parte de Cooperaci\u00f3n Internacional tenga un impacto que lo podamos medir dentro de los objetivos y el seguimiento que est\u00e1n haciendo para la Equidad de la Mujer\u201d.<\/p>\n<p>@ViceColombia @equidad_mujer<\/p>\n","protected":false},"excerpt":{"rendered":"<p>Bogot\u00e1.- Embajadores de 13 pa\u00edses y representantes de 19 agencias de cooperaci\u00f3n internacional y organismos multilaterales, integrantes de la Mesa de Cooperaci\u00f3n en Asuntos de G\u00e9nero, reafirmaron su apoyo a la agenda que lidera la Vicepresidente Marta Luc\u00eda Ram\u00edrez, en equidad de la mujer, durante la reuni\u00f3n plenaria extraordinaria de alto nivel. Ante los embajadores &hellip;<\/p>\n","protected":false},"author":1,"featured_media":35695,"comment_status":"open","ping_status":"open","sticky":false,"template":"","format":"standard","meta":{"footnotes":""},"categories":[4,39],"tags":[4909,4908,4663],"class_list":["post-35694","post","type-post","status-publish","format-standard","has-post-thumbnail","hentry","category-barra","category-miradas-ajenas","tag-martha-lucia-ramirez","tag-mesa-de-genero","tag-vicepresidencia-de-la-republica"],"_links":{"self":[{"href":"https:\/\/contraluzcucuta.co\/index.php?rest_route=\/wp\/v2\/posts\/35694","targetHints":{"allow":["GET"]}}],"collection":[{"href":"https:\/\/contraluzcucuta.co\/index.php?rest_route=\/wp\/v2\/posts"}],"about":[{"href":"https:\/\/contraluzcucuta.co\/index.php?rest_route=\/wp\/v2\/types\/post"}],"author":[{"embeddable":true,"href":"https:\/\/contraluzcucuta.co\/index.php?rest_route=\/wp\/v2\/users\/1"}],"replies":[{"embeddable":true,"href":"https:\/\/contraluzcucuta.co\/index.php?rest_route=%2Fwp%2Fv2%2Fcomments&post=35694"}],"version-history":[{"count":1,"href":"https:\/\/contraluzcucuta.co\/index.php?rest_route=\/wp\/v2\/posts\/35694\/revisions"}],"predecessor-version":[{"id":35696,"href":"https:\/\/contraluzcucuta.co\/index.php?rest_route=\/wp\/v2\/posts\/35694\/revisions\/35696"}],"wp:featuredmedia":[{"embeddable":true,"href":"https:\/\/contraluzcucuta.co\/index.php?rest_route=\/wp\/v2\/media\/35695"}],"wp:attachment":[{"href":"https:\/\/contraluzcucuta.co\/index.php?rest_route=%2Fwp%2Fv2%2Fmedia&parent=35694"}],"wp:term":[{"taxonomy":"category","embeddable":true,"href":"https:\/\/contraluzcucuta.co\/index.php?rest_route=%2Fwp%2Fv2%2Fcategories&post=35694"},{"taxonomy":"post_tag","embeddable":true,"href":"https:\/\/contraluzcucuta.co\/index.php?rest_route=%2Fwp%2Fv2%2Ftags&post=35694"}],"curies":[{"name":"wp","href":"https:\/\/api.w.org\/{rel}","templated":true}]}}