{"id":35676,"date":"2020-05-13T18:11:49","date_gmt":"2020-05-13T23:11:49","guid":{"rendered":"http:\/\/contraluzcucuta.co\/?p=35676"},"modified":"2020-05-14T10:48:53","modified_gmt":"2020-05-14T15:48:53","slug":"coronavirus-alemanes-capacitaran-personal-del-ids-en-toma-de-muestras","status":"publish","type":"post","link":"https:\/\/contraluzcucuta.co\/?p=35676","title":{"rendered":"CORONAVIRUS. Alemanes capacitar\u00e1n personal del IDS en toma de muestras"},"content":{"rendered":"<p style=\"padding-left: 40px; text-align: right;\"><span style=\"color: #ff9900;\">Profesionales alemanes capacitar\u00e1n a personal de laboratorio del Instituto Departamental de Salud de Norte de Santander en toma de muestras covid-19. El equipo del Epidemic Preparedness Team (SEEG) est\u00e1 vinculado con la agencia GIZ.<\/span><\/p>\n<p>La Ministra de Relaciones Exteriores, Claudia Blum, resalt\u00f3 la donaci\u00f3n, por parte del gobierno alem\u00e1n, de equipos para la atenci\u00f3n materno infantil, incluyendo monitores, incubadoras y reanimadores infantiles, destinados al Hospital Universitario Erasmo Meoz, de C\u00facuta, en desarrollo del proyecto \u2018SI Frontera\u2019.<\/p>\n<p>La GIZ acompa\u00f1a los esfuerzos del gobierno nacional, particularmente en materia de inclusi\u00f3n socio-econ\u00f3mica, en beneficio de migrantes provenientes de Venezuela, retornados colombianos y comunidades de acogida.<\/p>\n<p>\u201cSu destinaci\u00f3n al Hospital Universitario Erasmo Meoz, de C\u00facuta, es esencial para el sistema de salud en la zona de frontera con Venezuela. En particular para Norte de Santander, departamento donde las entidades de salud han brindado m\u00e1s de 800.000 atenciones a venezolanos desde 2017\u201d, dijo la Ministra Blum.<\/p>\n<p>El Gobierno de Alemania, por intermedio de la Agencia Alemana de Cooperaci\u00f3n Internacional (GIZ), entreg\u00f3 la donaci\u00f3n de 80.000 pruebas y anunci\u00f3 la asistencia de equipos de expertos para apoyar a Colombia en la lucha contra el covid-19.<\/p>\n<p>La vicepresidenta Marta Luc\u00eda Ram\u00edrez, la canciller Claudia Blum y el ministro de Salud, Fernando Ruiz, recibieron la donaci\u00f3n. En la reuni\u00f3n participaron el embajador alem\u00e1n Peter Ptassek y el director de la GIZ, Stepan Uncovsky.<\/p>\n<p>El Embajador alem\u00e1n entreg\u00f3 1000 elementos de protecci\u00f3n e higiene para protecci\u00f3n del personal de salud.<\/p>\n<p>El jefe de la cartera de salud explic\u00f3 que una vez recibidas las pruebas, \u201cse llevar\u00e1n al Instituto Nacional de Salud, que tiene un modelo de distribuci\u00f3n y ah\u00ed habr\u00e1 un planteamiento de prioridad hacia las zonas de frontera, la cual incluye Norte de Santander y seguramente el Amazonas tambi\u00e9n\u201d.<\/p>\n<p>La cooperaci\u00f3n de Alemania en materia de salud viene gestion\u00e1ndose de tiempo atr\u00e1s por parte del Gerente de Fronteras, Felipe Mu\u00f1oz, para atender las dificultades que se viven en estas zonas del pa\u00eds por la inmigraci\u00f3n desde Venezuela.<\/p>\n<p>\u201cEsta es una cooperaci\u00f3n en tema de salud que hoy empieza por el coronavirus en este campo nuevo, pero que va a ser realmente una cooperaci\u00f3n profunda, una cooperaci\u00f3n a largo plazo\u201d, se\u00f1al\u00f3 la Vicepresidenta.<\/p>\n","protected":false},"excerpt":{"rendered":"<p>Profesionales alemanes capacitar\u00e1n a personal de laboratorio del Instituto Departamental de Salud de Norte de Santander en toma de muestras covid-19. El equipo del Epidemic Preparedness Team (SEEG) est\u00e1 vinculado con la agencia GIZ. La Ministra de Relaciones Exteriores, Claudia Blum, resalt\u00f3 la donaci\u00f3n, por parte del gobierno alem\u00e1n, de equipos para la atenci\u00f3n materno &hellip;<\/p>\n","protected":false},"author":1,"featured_media":35677,"comment_status":"open","ping_status":"open","sticky":false,"template":"","format":"standard","meta":{"footnotes":""},"categories":[4,6],"tags":[4836,4837,4083,1468],"class_list":["post-35676","post","type-post","status-publish","format-standard","has-post-thumbnail","hentry","category-barra","category-ojo-avizor","tag-coronavirus-en-cucuta","tag-covid-19","tag-giz","tag-ids"],"_links":{"self":[{"href":"https:\/\/contraluzcucuta.co\/index.php?rest_route=\/wp\/v2\/posts\/35676","targetHints":{"allow":["GET"]}}],"collection":[{"href":"https:\/\/contraluzcucuta.co\/index.php?rest_route=\/wp\/v2\/posts"}],"about":[{"href":"https:\/\/contraluzcucuta.co\/index.php?rest_route=\/wp\/v2\/types\/post"}],"author":[{"embeddable":true,"href":"https:\/\/contraluzcucuta.co\/index.php?rest_route=\/wp\/v2\/users\/1"}],"replies":[{"embeddable":true,"href":"https:\/\/contraluzcucuta.co\/index.php?rest_route=%2Fwp%2Fv2%2Fcomments&post=35676"}],"version-history":[{"count":2,"href":"https:\/\/contraluzcucuta.co\/index.php?rest_route=\/wp\/v2\/posts\/35676\/revisions"}],"predecessor-version":[{"id":35679,"href":"https:\/\/contraluzcucuta.co\/index.php?rest_route=\/wp\/v2\/posts\/35676\/revisions\/35679"}],"wp:featuredmedia":[{"embeddable":true,"href":"https:\/\/contraluzcucuta.co\/index.php?rest_route=\/wp\/v2\/media\/35677"}],"wp:attachment":[{"href":"https:\/\/contraluzcucuta.co\/index.php?rest_route=%2Fwp%2Fv2%2Fmedia&parent=35676"}],"wp:term":[{"taxonomy":"category","embeddable":true,"href":"https:\/\/contraluzcucuta.co\/index.php?rest_route=%2Fwp%2Fv2%2Fcategories&post=35676"},{"taxonomy":"post_tag","embeddable":true,"href":"https:\/\/contraluzcucuta.co\/index.php?rest_route=%2Fwp%2Fv2%2Ftags&post=35676"}],"curies":[{"name":"wp","href":"https:\/\/api.w.org\/{rel}","templated":true}]}}