{"id":35661,"date":"2020-05-08T11:54:33","date_gmt":"2020-05-08T16:54:33","guid":{"rendered":"http:\/\/contraluzcucuta.co\/?p=35661"},"modified":"2020-05-08T11:54:33","modified_gmt":"2020-05-08T16:54:33","slug":"fondo-adaptacion-gramaloteros-acompanaran-proyecto-de-reactivacion-economica","status":"publish","type":"post","link":"https:\/\/contraluzcucuta.co\/?p=35661","title":{"rendered":"FONDO ADAPTACI\u00d3N. Gramaloteros acompa\u00f1ar\u00e1n proyecto de reactivaci\u00f3n econ\u00f3mica"},"content":{"rendered":"<p style=\"padding-left: 40px; text-align: right;\"><span style=\"color: #ff9900;\"><strong>BOGOT\u00c1.-<\/strong> El Fondo Adaptaci\u00f3n, la Fundaci\u00f3n Socya y La Corporaci\u00f3n Colombia Internacional invitaron a los habitantes de Gramalote a hacer parte del Equipo Local de Seguimiento del proyecto de Reactivaci\u00f3n Econ\u00f3mica. El proyecto se desarrolla para la formulaci\u00f3n, implementaci\u00f3n y asistencia t\u00e9cnica de planes productivos y emprendimientos. El objetivo es la recuperaci\u00f3n de los medios de vida de la poblaci\u00f3n como fase final del reasentamiento.<\/span><\/p>\n<p>La invitaci\u00f3n se hizo durante el Primer Foro de Auditor\u00eda Visible del Contrato para la Reactivaci\u00f3n Econ\u00f3mica de Gramalote. La actividad se desarroll\u00f3 de manera virtual y hace parte de las estrategias del Fondo Adaptaci\u00f3n para que sea la comunidad la que haga seguimiento y vigilancia a m\u00e1s de $ 7000 millones de recursos p\u00fablicos que est\u00e1n invirti\u00e9ndose en el municipio.<\/p>\n<p>\u201cEl gobierno del presidente Iv\u00e1n Duque ha sido enf\u00e1tico en se\u00f1alar la importancia de proteger los recursos del Estado. Qu\u00e9 mejor que la comunidad para hacer seguimiento, vigilar los procesos y garantizar la trasparencia en la inversi\u00f3n y la eficiencia en la ejecuci\u00f3n\u201d, dijo el gerente del Fondo Adaptaci\u00f3n, Edgar Ortiz Pab\u00f3n.<\/p>\n<p>Mediante este convenio, firmado en el 2019 entre el Fondo y la Fundaci\u00f3n Socya, empez\u00f3 a reactivarse la econom\u00eda de m\u00e1s de 4000 gramaloteros, mediante procesos de an\u00e1lisis de la vocaci\u00f3n productiva y capacidades t\u00e9cnicas de las familias.<\/p>\n<p>La presidenta de la Corporaci\u00f3n Colombia Internacional, Adriana Senior, respald\u00f3 las afirmaciones del gerente del Fondo. Se\u00f1al\u00f3 que la entidad a su cargo se convertir\u00e1 en \u201clos ojos\u201d del Fondo Adaptaci\u00f3n en Gramalote, en la condici\u00f3n de veedores.<\/p>\n<p>\u201cMe comprometo a hacer seguimiento permanente para garantizar que la Fundaci\u00f3n Socya haga la tarea encomendada de ejecutar los procesos de reactivaci\u00f3n econ\u00f3mica en Gramalote\u201d, a\u00f1adi\u00f3 la presidenta de la firma veedora.<\/p>\n<p>El foro fue el escenario propicio para explicarles a los participantes que entre las funciones de quienes integrar\u00e1n el Equipo Local de Seguimiento est\u00e1n la de convertirse en canal de comunicaci\u00f3n entre el ejecutor del proyecto y los beneficiarios, trasladando inquietudes, peticiones, quejas y reclamos de la ciudadan\u00eda.<\/p>\n<p>La directora Ejecutiva de Socya, Juana P\u00e9rez, dijo que el proceso de reactivaci\u00f3n econ\u00f3mica para Gramalote ser\u00e1 posible, \u201cporque habitantes y autoridades han puesto empe\u00f1o para lograr esta trasformaci\u00f3n\u201d.<\/p>\n<p>Entre las metodolog\u00edas que la Fundaci\u00f3n aplicar\u00e1 para la ejecuci\u00f3n del contrato destacan:<\/p>\n<p>&nbsp;<\/p>\n<p>1.- Venta, entrega o adjudicaci\u00f3n de lotes comerciales en el casco urbano para desarrollar actividades econ\u00f3micas.<\/p>\n<p>2.- Creaci\u00f3n de la organizaci\u00f3n de desarrollo econ\u00f3mico, encargada de buscar iniciativas de desarrollo econ\u00f3mico a corto, mediano y largo plazo.<\/p>\n<p>3.- Convocar, asesorar, acompa\u00f1ar y seleccionar los emprendimientos para la implementaci\u00f3n.<\/p>\n<p>4.- Reactivar la plaza de mercado de Gramalote, como eje del comercio del municipio.<\/p>\n","protected":false},"excerpt":{"rendered":"<p>BOGOT\u00c1.- El Fondo Adaptaci\u00f3n, la Fundaci\u00f3n Socya y La Corporaci\u00f3n Colombia Internacional invitaron a los habitantes de Gramalote a hacer parte del Equipo Local de Seguimiento del proyecto de Reactivaci\u00f3n Econ\u00f3mica. El proyecto se desarrolla para la formulaci\u00f3n, implementaci\u00f3n y asistencia t\u00e9cnica de planes productivos y emprendimientos. El objetivo es la recuperaci\u00f3n de los medios &hellip;<\/p>\n","protected":false},"author":1,"featured_media":35662,"comment_status":"open","ping_status":"open","sticky":false,"template":"","format":"standard","meta":{"footnotes":""},"categories":[4,6],"tags":[1248,153],"class_list":["post-35661","post","type-post","status-publish","format-standard","has-post-thumbnail","hentry","category-barra","category-ojo-avizor","tag-fondo-adaptacion","tag-nuevo-gramalote"],"_links":{"self":[{"href":"https:\/\/contraluzcucuta.co\/index.php?rest_route=\/wp\/v2\/posts\/35661","targetHints":{"allow":["GET"]}}],"collection":[{"href":"https:\/\/contraluzcucuta.co\/index.php?rest_route=\/wp\/v2\/posts"}],"about":[{"href":"https:\/\/contraluzcucuta.co\/index.php?rest_route=\/wp\/v2\/types\/post"}],"author":[{"embeddable":true,"href":"https:\/\/contraluzcucuta.co\/index.php?rest_route=\/wp\/v2\/users\/1"}],"replies":[{"embeddable":true,"href":"https:\/\/contraluzcucuta.co\/index.php?rest_route=%2Fwp%2Fv2%2Fcomments&post=35661"}],"version-history":[{"count":1,"href":"https:\/\/contraluzcucuta.co\/index.php?rest_route=\/wp\/v2\/posts\/35661\/revisions"}],"predecessor-version":[{"id":35663,"href":"https:\/\/contraluzcucuta.co\/index.php?rest_route=\/wp\/v2\/posts\/35661\/revisions\/35663"}],"wp:featuredmedia":[{"embeddable":true,"href":"https:\/\/contraluzcucuta.co\/index.php?rest_route=\/wp\/v2\/media\/35662"}],"wp:attachment":[{"href":"https:\/\/contraluzcucuta.co\/index.php?rest_route=%2Fwp%2Fv2%2Fmedia&parent=35661"}],"wp:term":[{"taxonomy":"category","embeddable":true,"href":"https:\/\/contraluzcucuta.co\/index.php?rest_route=%2Fwp%2Fv2%2Fcategories&post=35661"},{"taxonomy":"post_tag","embeddable":true,"href":"https:\/\/contraluzcucuta.co\/index.php?rest_route=%2Fwp%2Fv2%2Ftags&post=35661"}],"curies":[{"name":"wp","href":"https:\/\/api.w.org\/{rel}","templated":true}]}}