{"id":35658,"date":"2020-05-07T17:13:23","date_gmt":"2020-05-07T22:13:23","guid":{"rendered":"http:\/\/contraluzcucuta.co\/?p=35658"},"modified":"2020-05-07T17:13:23","modified_gmt":"2020-05-07T22:13:23","slug":"dia-de-las-madres-cucuta-ratifica-celebracion-para-el-31-de-mayo","status":"publish","type":"post","link":"https:\/\/contraluzcucuta.co\/?p=35658","title":{"rendered":"D\u00cdA DE LAS MADRES. C\u00facuta ratifica celebraci\u00f3n para el 31 de mayo"},"content":{"rendered":"<p style=\"padding-left: 40px; text-align: right;\"><span style=\"color: #ff9900;\"><strong>C\u00daCUTA<\/strong>. Comerciantes cucute\u00f1os, afiliados a Fenalco, ratificaron que la celebraci\u00f3n del D\u00eda de las Madres sea el 31 de mayo. Meses atr\u00e1s la Federaci\u00f3n hab\u00eda propuesto trasladar la fecha para septiembre.<\/span><\/p>\n<p>Hace a\u00f1os, la fiesta a las madres en Norte de Santander se cumple el \u00faltimo domingo de mayo. Es el \u00fanico departamento en el pa\u00eds que se ha salido de la normalidad por razones comerciales de la \u00e9poca.<\/p>\n<p>Fenalco Norte de Santander efectu\u00f3 una encuesta con los afiliados y p\u00fablicos de inter\u00e9s del gremio para indagar si dadas las circunstancias que vive el mundo era conveniente atender el llamado del Ministro de Comercio, para adelantar la fiesta.<\/p>\n<p>La encuesta dur\u00f3 24 horas y arroj\u00f3 como resultado que la comunidad manifest\u00f3 que debe mantenerse el 31 mayo, \u00faltimo domingo, como tradicionalmente ha sido. Solo el 15 % recomend\u00f3 hacer la celebraci\u00f3n el 10, especialmente los restaurantes que participaron en la encuesta.<\/p>\n<p>El gremio inici\u00f3 la implementaci\u00f3n de la estrategia que permita acompa\u00f1ar a los calzado, confecciones, panader\u00edas y reposter\u00edas, centros comerciales y restaurantes, que tienen mayor demanda para que sea la mejor oportunidad de dar inicio a la reactivaci\u00f3n econ\u00f3mica que se espera lenta, pero en sinton\u00eda con los empresarios regionales.<\/p>\n","protected":false},"excerpt":{"rendered":"<p>C\u00daCUTA. Comerciantes cucute\u00f1os, afiliados a Fenalco, ratificaron que la celebraci\u00f3n del D\u00eda de las Madres sea el 31 de mayo. Meses atr\u00e1s la Federaci\u00f3n hab\u00eda propuesto trasladar la fecha para septiembre. Hace a\u00f1os, la fiesta a las madres en Norte de Santander se cumple el \u00faltimo domingo de mayo. Es el \u00fanico departamento en el &hellip;<\/p>\n","protected":false},"author":1,"featured_media":35659,"comment_status":"open","ping_status":"open","sticky":false,"template":"","format":"standard","meta":{"footnotes":""},"categories":[4,36],"tags":[673,1526],"class_list":["post-35658","post","type-post","status-publish","format-standard","has-post-thumbnail","hentry","category-barra","category-la-voz-del-pueblo","tag-dia-de-la-madre-en-cucuta","tag-fenalco-norte-de-santander"],"_links":{"self":[{"href":"https:\/\/contraluzcucuta.co\/index.php?rest_route=\/wp\/v2\/posts\/35658","targetHints":{"allow":["GET"]}}],"collection":[{"href":"https:\/\/contraluzcucuta.co\/index.php?rest_route=\/wp\/v2\/posts"}],"about":[{"href":"https:\/\/contraluzcucuta.co\/index.php?rest_route=\/wp\/v2\/types\/post"}],"author":[{"embeddable":true,"href":"https:\/\/contraluzcucuta.co\/index.php?rest_route=\/wp\/v2\/users\/1"}],"replies":[{"embeddable":true,"href":"https:\/\/contraluzcucuta.co\/index.php?rest_route=%2Fwp%2Fv2%2Fcomments&post=35658"}],"version-history":[{"count":1,"href":"https:\/\/contraluzcucuta.co\/index.php?rest_route=\/wp\/v2\/posts\/35658\/revisions"}],"predecessor-version":[{"id":35660,"href":"https:\/\/contraluzcucuta.co\/index.php?rest_route=\/wp\/v2\/posts\/35658\/revisions\/35660"}],"wp:featuredmedia":[{"embeddable":true,"href":"https:\/\/contraluzcucuta.co\/index.php?rest_route=\/wp\/v2\/media\/35659"}],"wp:attachment":[{"href":"https:\/\/contraluzcucuta.co\/index.php?rest_route=%2Fwp%2Fv2%2Fmedia&parent=35658"}],"wp:term":[{"taxonomy":"category","embeddable":true,"href":"https:\/\/contraluzcucuta.co\/index.php?rest_route=%2Fwp%2Fv2%2Fcategories&post=35658"},{"taxonomy":"post_tag","embeddable":true,"href":"https:\/\/contraluzcucuta.co\/index.php?rest_route=%2Fwp%2Fv2%2Ftags&post=35658"}],"curies":[{"name":"wp","href":"https:\/\/api.w.org\/{rel}","templated":true}]}}