{"id":35652,"date":"2020-05-04T11:34:22","date_gmt":"2020-05-04T16:34:22","guid":{"rendered":"http:\/\/contraluzcucuta.co\/?p=35652"},"modified":"2020-05-04T11:34:22","modified_gmt":"2020-05-04T16:34:22","slug":"plan-de-desarrollo-municipal-cucuta-2050-estrategia-de-todos","status":"publish","type":"post","link":"https:\/\/contraluzcucuta.co\/?p=35652","title":{"rendered":"PLAN DE DESARROLLO MUNICIPAL. C\u00facuta 2050, estrategia de todos"},"content":{"rendered":"<p style=\"padding-left: 40px; text-align: right;\"><span style=\"color: #ff9900;\"><strong>C\u00daCUTA.-<\/strong> Este documento simboliza la voz de la sociedad cucute\u00f1a porque a trav\u00e9s de su apoyo y determinaci\u00f3n logramos democr\u00e1ticamente afianzar un cambio en el modelo de administrar y concebir nuestro entorno. A partir de la consolidaci\u00f3n de una propuesta c\u00edvica, incluyente y participativa sin antecedentes, denominada &#8220;C\u00facuta 2050, estrategia de todos&#8221; constituye para m\u00ed el mayor orgullo, que, como ciudadano, en primer lugar, y que como alcalde del periodo 2020-2023, me propongo liderar en compa\u00f1\u00eda de toda la institucionalidad, los empresarios, los j\u00f3venes, los habitantes de todas nuestras comunas y tambi\u00e9n del \u00e1rea rural.<\/span><\/p>\n<p>M\u00e1s de 4.359 personas asistieron a 26 espacios de participaci\u00f3n, en los que se instalaron 113 mesas de trabajo, donde pudimos acompa\u00f1ar en este proceso a un sin n\u00famero de ciudadanos, l\u00edderes comunales, ediles, rectores, profesores, alumnos de varios centros educativos, grupos \u00e9tnicos y poblacionales, campesinos, v\u00edctimas del desplazamiento forzado, gremios de profesionales y empresarios.<\/p>\n<p>Por medio de un escenario de an\u00e1lisis y discusi\u00f3n se crearon foros, cuyos resultados se clasificaron y se analizaron metodol\u00f3gicamente por profesionales y t\u00e9cnicos adscritos al Departamento Administrativo de Planeaci\u00f3n Municipal (DAPM). Es as\u00ed, que con estos insumos dise\u00f1amos el documento que hoy, con gran satisfacci\u00f3n presento a la consideraci\u00f3n del Concejo Municipal de nuestra ciudad; denominado plan de desarrollo \u201cC\u00facuta 2050, estrategia de todos&#8221;.<\/p>\n<p>El prop\u00f3sito estrat\u00e9gico de este plan apunta esencialmente a la neutralizaci\u00f3n y disminuci\u00f3n de los m\u00e1s graves indicadores de la salud de nuestra ciudad. Igualmente se pretende reducir la tasa de desempleo, de pobreza e informalidad, reconociendo que estos factores han impulsado la falta de confianza en la institucionalidad, la ausencia del sentido de pertenencia y la ausencia de cultura ciudadana.<\/p>\n<p><strong>Nuestro proceso <\/strong><\/p>\n<p>Para desarrollar nuestro plan de desarrollo hicimos una revisi\u00f3n del estado financiero y los ingresos que percibe el municipio, descubriendo que dependemos altamente del gobierno central y que los recursos propios representan el 21% del total.<\/p>\n<p>Por otra parte, destacamos que los giros nacionales representan el 74.85%, constatando que el territorio municipal es incapaz de autofinanciarse. Esto est\u00e1 correlacionado con el estancamiento del sector productivo formal desde hace m\u00e1s de dos d\u00e9cadas y resulta en un menor aporte al fisco nacional.<\/p>\n<p>Las anteriores consideraciones, las propongo en forma objetiva y con la mayor preocupaci\u00f3n por nuestra realidad, a fin de comprometer respetuosamente a todas las fuerzas vivas para enfrentar con determinaci\u00f3n, la conducci\u00f3n del plan de desarrollo que hoy proponemos. Este se enmarca dentro de una estrategia y visi\u00f3n de futuro, edificado a partir de considerar que nuestra competitividad depender\u00e1 en gran medida de la din\u00e1mica que impulsemos desde los programas de educaci\u00f3n, la cultura ciudadana, el emprendimiento, la innovaci\u00f3n, la generaci\u00f3n de valor agregado, la defensa del medio ambiente, la actualizaci\u00f3n tecnol\u00f3gica, la atracci\u00f3n de inversi\u00f3n y la productividad como determinantes claves para invertir el crecimiento negativo de los indicadores planteados anteriormente.<\/p>\n<p>Y por ello mi invitaci\u00f3n sincera es a convertir en realidad estas metas, ya que todo sue\u00f1o sin acci\u00f3n es pura ilusi\u00f3n, y de ilusiones nadie vive. As\u00ed las cosas, uno de los valores agregados de nuestro modelo de trabajo es la pr\u00e1ctica de principios, valores y virtudes que planeamos convertir en h\u00e1bitos de cultura ciudadana y competitividad.<\/p>\n<p>Con valores como la responsabilidad, el respeto, la honestidad, la cooperaci\u00f3n, la solidaridad, la humildad, la lealtad, la tolerancia, la justicia, la transparencia, la participaci\u00f3n ciudadana, el compromiso, la puntualidad, la autodeterminaci\u00f3n, el orden, el trabajo en equipo y el liderazgo colectivo buscamos realizar cambios estructurales en pro de la transformaci\u00f3n social y el avance human\u00edstico de la sociedad cucute\u00f1a.<\/p>\n<p>En cuanto a las virtudes ciudadanas que utilizaremos para fijar nuestro rumbo se destacan la austeridad, la veracidad, la lealtad, la tolerancia, el esp\u00edritu de trabajo, la perseverancia, la fraternidad, la abnegaci\u00f3n, el patriotismo y la vocaci\u00f3n de servicio.<\/p>\n<p>Por todo lo descrito en este documento creo firmemente en que la filosof\u00eda de trabajo planteada durante todo el proceso de construcci\u00f3n de este plan de desarrollo, ser\u00e1 el fundamento con el cual se cumplir\u00e1 cada uno de los<\/p>\n<p>compromisos irrenunciables, que se han trazado como metas comunes de este gran reto que reci\u00e9n comienza.<\/p>\n<p><strong>JAIRO TOM\u00c1S Y\u00c1\u00d1EZ RODR\u00cdGUEZ<\/strong><\/p>\n<p><strong>Alcalde de San Jos\u00e9 de C\u00facuta<\/strong><\/p>\n","protected":false},"excerpt":{"rendered":"<p>C\u00daCUTA.- Este documento simboliza la voz de la sociedad cucute\u00f1a porque a trav\u00e9s de su apoyo y determinaci\u00f3n logramos democr\u00e1ticamente afianzar un cambio en el modelo de administrar y concebir nuestro entorno. A partir de la consolidaci\u00f3n de una propuesta c\u00edvica, incluyente y participativa sin antecedentes, denominada &#8220;C\u00facuta 2050, estrategia de todos&#8221; constituye para m\u00ed &hellip;<\/p>\n","protected":false},"author":1,"featured_media":35653,"comment_status":"open","ping_status":"open","sticky":false,"template":"","format":"standard","meta":{"footnotes":""},"categories":[2625,4],"tags":[4776,226,2973],"class_list":["post-35652","post","type-post","status-publish","format-standard","has-post-thumbnail","hentry","category-alcaldia-de-cucuta","category-barra","tag-alcalde-jairo-yanez","tag-alcaldia-de-cucuta","tag-plan-de-desarrollo-municipal"],"_links":{"self":[{"href":"https:\/\/contraluzcucuta.co\/index.php?rest_route=\/wp\/v2\/posts\/35652","targetHints":{"allow":["GET"]}}],"collection":[{"href":"https:\/\/contraluzcucuta.co\/index.php?rest_route=\/wp\/v2\/posts"}],"about":[{"href":"https:\/\/contraluzcucuta.co\/index.php?rest_route=\/wp\/v2\/types\/post"}],"author":[{"embeddable":true,"href":"https:\/\/contraluzcucuta.co\/index.php?rest_route=\/wp\/v2\/users\/1"}],"replies":[{"embeddable":true,"href":"https:\/\/contraluzcucuta.co\/index.php?rest_route=%2Fwp%2Fv2%2Fcomments&post=35652"}],"version-history":[{"count":1,"href":"https:\/\/contraluzcucuta.co\/index.php?rest_route=\/wp\/v2\/posts\/35652\/revisions"}],"predecessor-version":[{"id":35654,"href":"https:\/\/contraluzcucuta.co\/index.php?rest_route=\/wp\/v2\/posts\/35652\/revisions\/35654"}],"wp:featuredmedia":[{"embeddable":true,"href":"https:\/\/contraluzcucuta.co\/index.php?rest_route=\/wp\/v2\/media\/35653"}],"wp:attachment":[{"href":"https:\/\/contraluzcucuta.co\/index.php?rest_route=%2Fwp%2Fv2%2Fmedia&parent=35652"}],"wp:term":[{"taxonomy":"category","embeddable":true,"href":"https:\/\/contraluzcucuta.co\/index.php?rest_route=%2Fwp%2Fv2%2Fcategories&post=35652"},{"taxonomy":"post_tag","embeddable":true,"href":"https:\/\/contraluzcucuta.co\/index.php?rest_route=%2Fwp%2Fv2%2Ftags&post=35652"}],"curies":[{"name":"wp","href":"https:\/\/api.w.org\/{rel}","templated":true}]}}